{"id":6756,"global_id":"carrefourdespatrimoines.fr?id=6756","global_id_lineage":["carrefourdespatrimoines.fr?id=6756"],"author":"1","status":"publish","date":"2026-04-24 21:08:19","date_utc":"2026-04-24 19:08:19","modified":"2026-04-24 21:09:56","modified_utc":"2026-04-24 19:09:56","url":"https:\/\/carrefourdespatrimoines.fr\/?tribe_events=cabanes-destives-courtaous-et-enclos","rest_url":"https:\/\/carrefourdespatrimoines.fr\/index.php?rest_route=\/tribe\/events\/v1\/events\/6756","title":"CABANES D&#8217;ESTIVES &#8211; COURT\u00c0OUS ET ENCLOS","description":"<p>&nbsp;<\/p>\n<p><span style=\"color: #000000;\"><img loading=\"lazy\" decoding=\"async\" class=\"aligncenter size-large wp-image-6757\" src=\"https:\/\/carrefourdespatrimoines.fr\/wp-content\/uploads\/2026\/04\/Bandeau-Cabanes-destives-courtaous-et-enclos-1024x601.png\" alt=\"\" width=\"1024\" height=\"601\" srcset=\"https:\/\/carrefourdespatrimoines.fr\/wp-content\/uploads\/2026\/04\/Bandeau-Cabanes-destives-courtaous-et-enclos-1024x601.png 1024w, https:\/\/carrefourdespatrimoines.fr\/wp-content\/uploads\/2026\/04\/Bandeau-Cabanes-destives-courtaous-et-enclos-300x176.png 300w, https:\/\/carrefourdespatrimoines.fr\/wp-content\/uploads\/2026\/04\/Bandeau-Cabanes-destives-courtaous-et-enclos-768x451.png 768w, https:\/\/carrefourdespatrimoines.fr\/wp-content\/uploads\/2026\/04\/Bandeau-Cabanes-destives-courtaous-et-enclos-1536x901.png 1536w, https:\/\/carrefourdespatrimoines.fr\/wp-content\/uploads\/2026\/04\/Bandeau-Cabanes-destives-courtaous-et-enclos-370x217.png 370w, https:\/\/carrefourdespatrimoines.fr\/wp-content\/uploads\/2026\/04\/Bandeau-Cabanes-destives-courtaous-et-enclos-760x446.png 760w, https:\/\/carrefourdespatrimoines.fr\/wp-content\/uploads\/2026\/04\/Bandeau-Cabanes-destives-courtaous-et-enclos.png 1587w\" sizes=\"auto, (max-width: 1024px) 100vw, 1024px\" \/><\/span><\/p>\n<h1 style=\"text-align: center;\"><span style=\"color: #333333;\">CABANES D&#8217;ESTIVES &#8211; COURT\u00c0OUS ET ENCLOS<\/span><\/h1>\n<h4 style=\"text-align: center;\"><span style=\"color: #333333;\">du 23 mai au 7 juin 2026<\/span><\/h4>\n<h4 style=\"text-align: center;\"><span style=\"color: #333333;\">au Carrefour des Patrimoines &#8211; Mus\u00e9e de Campan<\/span><\/h4>\n<h4 style=\"text-align: center;\"><span style=\"color: #333333;\">Un \u00e9v\u00e8nement in\u00e9dit propos\u00e9 par l&#8217;association la <strong>Soci\u00e9t\u00e9 des Amis de Madame Campan<\/strong><\/span><\/h4>\n<p>&nbsp;<\/p>\n<h2 style=\"text-align: left;\"><span style=\"color: #333333;\"><strong>AU PROGRAMME<\/strong><\/span><\/h2>\n<h3><span style=\"color: #808080;\">SAMEDI 23 MAI, 15h<\/span><\/h3>\n<h5><span style=\"color: #000000;\">(Ouverture exceptionnelle du mus\u00e9e un samedi)<\/span><\/h5>\n<p><span style=\"color: #000000;\"><strong>Vernissage<\/strong> de l&#8217;<strong>exposition photographique<\/strong> d&#8217;<strong>Antoine BROSSE<\/strong>, <strong><em>Cabanes d&#8217;en Haut<\/em><\/strong>, issue de son <strong>nouveau livre<\/strong>, en <strong>d\u00e9dicace<\/strong> le m\u00eame jour.<\/span><\/p>\n<p><span style=\"color: #000000;\">L&#8217;exposition photographique sera en suite ouverte au public, <strong>jusqu&#8217;au DIMANCHE 7 JUIN inclus<\/strong>, aux horaires d&#8217;ouverture du mus\u00e9e, <strong>du DIMANCHE au VENDREDI, de 10h \u00e0 12h et de 15h \u00e0 19h<\/strong>.<\/span><\/p>\n<p>&nbsp;<\/p>\n<h3><span style=\"color: #808080;\">JEUDI 28 MAI, 17h &amp; 20h30<\/span><\/h3>\n<p><span style=\"color: #000000;\"><strong>Projections<\/strong> du <strong>film<\/strong> amateur &#8220;<em><strong>Des cabanes et des hommes, hommage \u00e0 Georges Buisan<\/strong><\/em>&#8221; de <strong>Jean-Jacques CR\u00c9QUIGNE<\/strong> et <strong>Jean-Michel LETORT<\/strong>.<\/span><\/p>\n<p><span style=\"color: #333333;\"><strong>SUR R\u00c9SERVATION UNIQUEMENT<\/strong><\/span><\/p>\n<ul>\n<li><span style=\"color: #000000;\"><strong>Par t\u00e9l\u00e9phone<\/strong> au <strong>05 62 91 72 81<\/strong>, aux horaires d&#8217;ouverture de l&#8217;accueil t\u00e9l\u00e9phonique, <strong>du MARDI au VENDREDI, de 10h \u00e0 12h et de 15h \u00e0 18h<\/strong>.<\/span><\/li>\n<li><span style=\"color: #000000;\"><strong>Ou directement \u00e0 l&#8217;accueil du mus\u00e9e<\/strong>, aux horaires d&#8217;ouverture du mus\u00e9e.<\/span><\/li>\n<\/ul>\n<p><span style=\"color: #000000;\">Merci de consulter r\u00e9guli\u00e8rement cette page pour v\u00e9rifier les places disponibles.<\/span><\/p>\n<h4><span style=\"color: #333333;\"><strong><span class=\"icon-tickets\">\u00a0 <\/span>SC\u00c9ANCE du 28\/05, 17h00 : 40 places disponibles<\/strong><\/span><\/h4>\n<h4><span style=\"color: #333333;\"><strong><span class=\"icon-tickets\">\u00a0 <\/span>SC\u00c9ANCE du 28\/05, 20h30 : 40 places disponibles<\/strong><\/span><\/h4>\n<pre><span style=\"color: #000000;\">(derni\u00e8re mise \u00e0 jour : 24\/04 20:00)<\/span><\/pre>\n<p><span style=\"color: #000000;\"><strong>Tarifs : Participation libre<\/strong>.<\/span><\/p>\n<p>&nbsp;<\/p>\n<h3><span style=\"color: #808080;\">DIMANCHE 31 MAI<\/span><\/h3>\n<p><span style=\"color: #000000;\"><strong>Rencontre<\/strong> avec les <strong>chercheurs du CNRS<\/strong> de l&#8217;<strong>Universit\u00e9 de Sienne<\/strong>.<\/span><\/p>\n<p>&nbsp;<\/p>\n<h3><span style=\"color: #808080;\">JEUDI 4 JUIN, 17h &amp; 20h30<\/span><\/h3>\n<p><span style=\"color: #000000;\"><strong>Projections<\/strong> du <strong>film<\/strong> amateur &#8220;<em><strong>Des cabanes et des hommes, hommage \u00e0 Georges Buisan<\/strong><\/em>&#8221; de <strong>Jean-Jacques CR\u00c9QUIGNE<\/strong> et <strong>Jean-Michel LETORT<\/strong>.<\/span><\/p>\n<p><span style=\"color: #333333;\"><strong>SUR R\u00c9SERVATION UNIQUEMENT<\/strong><\/span><\/p>\n<ul>\n<li><span style=\"color: #000000;\"><strong>Par t\u00e9l\u00e9phone<\/strong> au <strong>05 62 91 72 81<\/strong>, aux horaires d&#8217;ouverture de l&#8217;accueil t\u00e9l\u00e9phonique, <strong>du MARDI au VENDREDI, de 10h \u00e0 12h et de 15h \u00e0 18h<\/strong>.<\/span><\/li>\n<li><span style=\"color: #000000;\"><strong>Ou directement \u00e0 l&#8217;accueil du mus\u00e9e<\/strong>, aux horaires d&#8217;ouverture du mus\u00e9e.<\/span><\/li>\n<\/ul>\n<p><span style=\"color: #000000;\">Merci de consulter r\u00e9guli\u00e8rement cette page pour v\u00e9rifier les places disponibles.<\/span><\/p>\n<h4><span style=\"color: #333333;\"><strong><span class=\"icon-tickets\">\u00a0 <\/span>SC\u00c9ANCE du 04\/06, 17h00 : 40 places disponibles<\/strong><\/span><\/h4>\n<h4><span style=\"color: #333333;\"><strong><span class=\"icon-tickets\">\u00a0 <\/span>SC\u00c9ANCE du 04\/06, 20h30 : 40 places disponibles<\/strong><\/span><\/h4>\n<pre><span style=\"color: #000000;\">(derni\u00e8re mise \u00e0 jour : 24\/04 20:00)<\/span><\/pre>\n<p><span style=\"color: #000000;\"><strong>Tarifs : Participation libre<\/strong>.<\/span><\/p>\n<p>&nbsp;<\/p>\n<h3><span style=\"color: #808080;\">DIMANCHE 7 JUIN<\/span><\/h3>\n<p><span style=\"color: #000000;\"><strong>D\u00e9dicace<\/strong> du <strong>nouveau livre<\/strong>\u00a0d&#8217;<strong>Antoine BROSSE<\/strong>\u00a0<strong><em>Cabanes d&#8217;en Haut<\/em><\/strong>.<\/span><\/p>\n<p>&nbsp;<\/p>\n<h2><span style=\"color: #333333;\"><strong>INFORMATIONS PRATIQUES<\/strong><\/span><\/h2>\n<p><span style=\"color: #000000;\"><span class=\"icon-maps-and-flags\">\u00a0 <\/span><strong>Adresse du Carrefour des Patrimoines &#8211; Mus\u00e9e de Campan<\/strong> : <a style=\"color: #000000;\" href=\"https:\/\/maps.app.goo.gl\/58Y9Cy32H8kdde8QA\" target=\"_blank\" rel=\"noopener\">40 Rue du G\u00e9n\u00e9ral Leclerc 65710 CAMPAN<\/a><\/span><\/p>\n<p><span style=\"color: #000000;\"><span class=\"icon-clock-empty\">\u00a0 <\/span><strong>Horaires d&#8217;ouverture :<\/strong><\/span><\/p>\n<ul class=\"custom_links_list\">\n<li class=\"custom_links_list_item\"><span style=\"color: #000000;\"><span class=\"custom_links_list_item_title\"><strong>De fin septembre \u00e0 mi-mai<\/strong>: <\/span><span class=\"custom_links_list_item_description\">Ouvert <strong>du MARDI au VENDREDI<\/strong> de <strong>10h &#8211; 12h<\/strong>\u00a0et de <strong>14h &#8211; 18h<\/strong>. Ferm\u00e9 le samedi, dimanche et lundi.<\/span><\/span><\/li>\n<li class=\"custom_links_list_item\"><span style=\"color: #000000;\"><span class=\"custom_links_list_item_title\"><strong>P\u00e9riode estivale (mi-mai, juin, juillet, ao\u00fbt, septembre)<\/strong>: <\/span><span class=\"custom_links_list_item_description\">Ouvert <strong>du DIMANCHE au VENDREDI<\/strong> de <strong>10h<\/strong>\u00a0&#8211; <strong>12h<\/strong>\u00a0et de <strong>15h<\/strong>\u00a0&#8211; <strong>19h<\/strong>. Ferm\u00e9 le samedi, sauf exceptionnellement le samedi 23 mai 2026, 15h.<\/span><\/span><\/li>\n<li class=\"custom_links_list_item\"><span style=\"color: #000000;\"><strong><span class=\"custom_links_list_item_title\">Fermeture exceptionnelle ou annuelle: <\/span><\/strong><span class=\"custom_links_list_item_description\">Nous mettons r\u00e9guli\u00e8rement \u00e0 jour ces informations sur <a style=\"color: #000000;\" href=\"https:\/\/share.google\/BebGYbMld1bo22rEV\" target=\"_blank\" rel=\"noopener\">notre page Google<\/a><\/span><\/span><\/li>\n<\/ul>\n<h2><span style=\"color: #333333;\"><strong>RENSEIGNEMENTS<\/strong><\/span><\/h2>\n<p><span style=\"color: #000000;\"><strong><span class=\"icon-phone\">\u00a0 <\/span>05 62 91 72 81<\/strong> (aux horaires d&#8217;ouverture de l&#8217;accueil, <strong>du MARDI au VENDREDI, de 10h \u00e0 12h et de 15h \u00e0 18h<\/strong>).<\/span><\/p>\n<p><span style=\"color: #000000;\"><span class=\"icon-mail-light\">\u00a0 <\/span><strong>contact@carrefourdespatrimoines.fr<\/strong><\/span><\/p>\n<p>&nbsp;<\/p>\n<p><span style=\"color: #000000;\">Pour d\u00e9couvrir les prochains \u00e9v\u00e8nements et temps forts de l\u2019association la\u00a0<strong>Soci\u00e9t\u00e9 des Amis de Madame Campan<\/strong>\u00a0et du\u00a0<strong>Carrefour des Patrimoines \u2013 Mus\u00e9e de Campan<\/strong>, n\u2019h\u00e9sitez pas \u00e0 consulter notre\u00a0<strong><a style=\"color: #000000;\" href=\"https:\/\/carrefourdespatrimoines.fr\/\" target=\"_blank\" rel=\"noopener\">site Internet\u00a0<span class=\"icon-wordpress\">\u00a0<\/span><\/a><\/strong>, ainsi que nos pages\u00a0<strong><a style=\"color: #000000;\" href=\"https:\/\/www.facebook.com\/carrefour.patrimoines?locale=fr_FR\" target=\"_blank\" rel=\"noopener\">Facebook\u00a0<span class=\"icon-iconmonstr-facebook\">\u00a0<\/span><\/a>\u00a0<\/strong>et\u00a0<strong><a style=\"color: #000000;\" href=\"https:\/\/www.instagram.com\/carrefour_des_patrimoines\/\" target=\"_blank\" rel=\"noopener\">Instagram\u00a0<span class=\"icon-iconmonstr-instagram\">\u00a0<\/span><\/a><\/strong>.<\/span><\/p>\n<p>&nbsp;<\/p>\n<p><img loading=\"lazy\" decoding=\"async\" class=\"aligncenter size-large wp-image-6772\" src=\"https:\/\/carrefourdespatrimoines.fr\/wp-content\/uploads\/2026\/04\/Affiche-Cabanes-destives-courtaous-et-enclos-CAMPAN-du-23-mai-au-7-juin-724x1024.png\" alt=\"\" width=\"724\" height=\"1024\" srcset=\"https:\/\/carrefourdespatrimoines.fr\/wp-content\/uploads\/2026\/04\/Affiche-Cabanes-destives-courtaous-et-enclos-CAMPAN-du-23-mai-au-7-juin-724x1024.png 724w, https:\/\/carrefourdespatrimoines.fr\/wp-content\/uploads\/2026\/04\/Affiche-Cabanes-destives-courtaous-et-enclos-CAMPAN-du-23-mai-au-7-juin-212x300.png 212w, https:\/\/carrefourdespatrimoines.fr\/wp-content\/uploads\/2026\/04\/Affiche-Cabanes-destives-courtaous-et-enclos-CAMPAN-du-23-mai-au-7-juin-768x1086.png 768w, https:\/\/carrefourdespatrimoines.fr\/wp-content\/uploads\/2026\/04\/Affiche-Cabanes-destives-courtaous-et-enclos-CAMPAN-du-23-mai-au-7-juin-1086x1536.png 1086w, https:\/\/carrefourdespatrimoines.fr\/wp-content\/uploads\/2026\/04\/Affiche-Cabanes-destives-courtaous-et-enclos-CAMPAN-du-23-mai-au-7-juin-1448x2048.png 1448w, https:\/\/carrefourdespatrimoines.fr\/wp-content\/uploads\/2026\/04\/Affiche-Cabanes-destives-courtaous-et-enclos-CAMPAN-du-23-mai-au-7-juin-370x523.png 370w, https:\/\/carrefourdespatrimoines.fr\/wp-content\/uploads\/2026\/04\/Affiche-Cabanes-destives-courtaous-et-enclos-CAMPAN-du-23-mai-au-7-juin-760x1075.png 760w, https:\/\/carrefourdespatrimoines.fr\/wp-content\/uploads\/2026\/04\/Affiche-Cabanes-destives-courtaous-et-enclos-CAMPAN-du-23-mai-au-7-juin.png 1587w\" sizes=\"auto, (max-width: 767px) 100vw, 724px\" \/><\/p>\n<p style=\"text-align: center;\"><small>Photographie utilis\u00e9e pour le bandeau et l\u2019affiche : \u00a9 Cabane du Courbet, issue du livre \u201c<em>Cabanes d&#8217;en Haut\u201d,<\/em> du photographe Antoine BROSSE<\/small><\/p>\n<p style=\"text-align: center;\"><small>Affiche r\u00e9alis\u00e9e sans recours \u00e0 l\u2019intelligence artificielle.<\/small><\/p>","excerpt":"","slug":"cabanes-destives-courtaous-et-enclos","image":{"url":"https:\/\/carrefourdespatrimoines.fr\/wp-content\/uploads\/2026\/04\/Bandeau-Cabanes-destives-courtaous-et-enclos.png","id":6757,"extension":"png","width":1587,"height":931,"filesize":1591945,"sizes":{"medium":{"width":300,"height":176,"mime-type":"image\/png","filesize":25268,"url":"https:\/\/carrefourdespatrimoines.fr\/wp-content\/uploads\/2026\/04\/Bandeau-Cabanes-destives-courtaous-et-enclos-300x176.png"},"large":{"width":1024,"height":601,"mime-type":"image\/png","filesize":263342,"url":"https:\/\/carrefourdespatrimoines.fr\/wp-content\/uploads\/2026\/04\/Bandeau-Cabanes-destives-courtaous-et-enclos-1024x601.png"},"thumbnail":{"width":150,"height":150,"mime-type":"image\/png","filesize":11655,"url":"https:\/\/carrefourdespatrimoines.fr\/wp-content\/uploads\/2026\/04\/Bandeau-Cabanes-destives-courtaous-et-enclos-150x150.png"},"medium_large":{"width":768,"height":451,"mime-type":"image\/png","filesize":151989,"url":"https:\/\/carrefourdespatrimoines.fr\/wp-content\/uploads\/2026\/04\/Bandeau-Cabanes-destives-courtaous-et-enclos-768x451.png"},"1536x1536":{"width":1536,"height":901,"mime-type":"image\/png","filesize":561169,"url":"https:\/\/carrefourdespatrimoines.fr\/wp-content\/uploads\/2026\/04\/Bandeau-Cabanes-destives-courtaous-et-enclos-1536x901.png"},"post-thumbnail":{"width":370,"height":217,"mime-type":"image\/png","filesize":37151,"url":"https:\/\/carrefourdespatrimoines.fr\/wp-content\/uploads\/2026\/04\/Bandeau-Cabanes-destives-courtaous-et-enclos-370x217.png"},"confix-thumb-huge":{"width":1170,"height":658,"mime-type":"image\/png","filesize":325859,"url":"https:\/\/carrefourdespatrimoines.fr\/wp-content\/uploads\/2026\/04\/Bandeau-Cabanes-destives-courtaous-et-enclos-1170x658.png"},"confix-thumb-big":{"width":780,"height":480,"mime-type":"image\/png","filesize":163811,"url":"https:\/\/carrefourdespatrimoines.fr\/wp-content\/uploads\/2026\/04\/Bandeau-Cabanes-destives-courtaous-et-enclos-780x480.png"},"confix-thumb-med":{"width":370,"height":208,"mime-type":"image\/png","filesize":35169,"url":"https:\/\/carrefourdespatrimoines.fr\/wp-content\/uploads\/2026\/04\/Bandeau-Cabanes-destives-courtaous-et-enclos-370x208.png"},"confix-thumb-extra":{"width":380,"height":420,"mime-type":"image\/png","filesize":72839,"url":"https:\/\/carrefourdespatrimoines.fr\/wp-content\/uploads\/2026\/04\/Bandeau-Cabanes-destives-courtaous-et-enclos-380x420.png"},"confix-thumb-team":{"width":520,"height":390,"mime-type":"image\/png","filesize":91226,"url":"https:\/\/carrefourdespatrimoines.fr\/wp-content\/uploads\/2026\/04\/Bandeau-Cabanes-destives-courtaous-et-enclos-520x390.png"},"confix-thumb-list":{"width":285,"height":145,"mime-type":"image\/png","filesize":20279,"url":"https:\/\/carrefourdespatrimoines.fr\/wp-content\/uploads\/2026\/04\/Bandeau-Cabanes-destives-courtaous-et-enclos-285x145.png"},"confix-thumb-tiny":{"width":90,"height":90,"mime-type":"image\/png","filesize":4454,"url":"https:\/\/carrefourdespatrimoines.fr\/wp-content\/uploads\/2026\/04\/Bandeau-Cabanes-destives-courtaous-et-enclos-90x90.png"},"confix-thumb-masonry-big":{"width":760,"height":446,"mime-type":"image\/png","filesize":148455,"url":"https:\/\/carrefourdespatrimoines.fr\/wp-content\/uploads\/2026\/04\/Bandeau-Cabanes-destives-courtaous-et-enclos-760x446.png"},"confix-thumb-masonry":{"width":370,"height":217,"mime-type":"image\/png","filesize":37151,"url":"https:\/\/carrefourdespatrimoines.fr\/wp-content\/uploads\/2026\/04\/Bandeau-Cabanes-destives-courtaous-et-enclos-370x217.png"},"trx_addons-thumb-small":{"width":270,"height":152,"mime-type":"image\/png","filesize":19684,"url":"https:\/\/carrefourdespatrimoines.fr\/wp-content\/uploads\/2026\/04\/Bandeau-Cabanes-destives-courtaous-et-enclos-270x152.png"},"trx_addons-thumb-portrait":{"width":370,"height":493,"mime-type":"image\/png","filesize":80287,"url":"https:\/\/carrefourdespatrimoines.fr\/wp-content\/uploads\/2026\/04\/Bandeau-Cabanes-destives-courtaous-et-enclos-370x493.png"},"trx_addons-thumb-avatar":{"width":370,"height":370,"mime-type":"image\/png","filesize":63213,"url":"https:\/\/carrefourdespatrimoines.fr\/wp-content\/uploads\/2026\/04\/Bandeau-Cabanes-destives-courtaous-et-enclos-370x370.png"}}},"all_day":true,"start_date":"2026-05-23 00:00:00","start_date_details":{"year":"2026","month":"05","day":"23","hour":"00","minutes":"00","seconds":"00"},"end_date":"2026-06-07 23:59:59","end_date_details":{"year":"2026","month":"06","day":"07","hour":"23","minutes":"59","seconds":"59"},"utc_start_date":"2026-05-22 22:00:00","utc_start_date_details":{"year":"2026","month":"05","day":"22","hour":"22","minutes":"00","seconds":"00"},"utc_end_date":"2026-06-07 21:59:59","utc_end_date_details":{"year":"2026","month":"06","day":"07","hour":"21","minutes":"59","seconds":"59"},"timezone":"Europe\/Paris","timezone_abbr":"CEST","cost":"","cost_details":{"currency_symbol":"","currency_code":"","currency_position":"suffix","values":[]},"website":"","show_map":true,"show_map_link":true,"hide_from_listings":false,"sticky":true,"featured":true,"categories":[{"name":"2026","slug":"2026","term_group":0,"term_taxonomy_id":133,"taxonomy":"tribe_events_cat","description":"","parent":0,"count":7,"filter":"raw","id":133,"urls":{"self":"https:\/\/carrefourdespatrimoines.fr\/index.php?rest_route=\/tribe\/events\/v1\/categories\/133","collection":"https:\/\/carrefourdespatrimoines.fr\/index.php?rest_route=\/tribe\/events\/v1\/categories"}},{"name":"a-venir","slug":"a-venir","term_group":0,"term_taxonomy_id":35,"taxonomy":"tribe_events_cat","description":"","parent":0,"count":26,"filter":"raw","id":35,"urls":{"self":"https:\/\/carrefourdespatrimoines.fr\/index.php?rest_route=\/tribe\/events\/v1\/categories\/35","collection":"https:\/\/carrefourdespatrimoines.fr\/index.php?rest_route=\/tribe\/events\/v1\/categories"}},{"name":"actualit\u00e9s","slug":"actualites","term_group":0,"term_taxonomy_id":120,"taxonomy":"tribe_events_cat","description":"","parent":0,"count":36,"filter":"raw","id":120,"urls":{"self":"https:\/\/carrefourdespatrimoines.fr\/index.php?rest_route=\/tribe\/events\/v1\/categories\/120","collection":"https:\/\/carrefourdespatrimoines.fr\/index.php?rest_route=\/tribe\/events\/v1\/categories"}}],"tags":[],"venue":[],"organizer":[],"json_ld":{"@context":"http:\/\/schema.org","@type":"Event","name":"CABANES D&#8217;ESTIVES &#8211; COURT\u00c0OUS ET ENCLOS","description":"&lt;p&gt;&nbsp; CABANES D\\'ESTIVES - COURT\u00c0OUS ET ENCLOS du 23 mai au 7 juin 2026 au Carrefour des Patrimoines - Mus\u00e9e de Campan Un \u00e9v\u00e8nement in\u00e9dit propos\u00e9 par l\\'association la Soci\u00e9t\u00e9&hellip;&lt;\/p&gt;\\n","image":"https:\/\/carrefourdespatrimoines.fr\/wp-content\/uploads\/2026\/04\/Bandeau-Cabanes-destives-courtaous-et-enclos.png","url":"https:\/\/carrefourdespatrimoines.fr\/?tribe_events=cabanes-destives-courtaous-et-enclos","eventAttendanceMode":"https:\/\/schema.org\/OfflineEventAttendanceMode","startDate":"2026-05-23T00:00:00+02:00","endDate":"2026-06-07T23:59:59+02:00","performer":"Organization"}}