{"id":6610,"global_id":"carrefourdespatrimoines.fr?id=6610","global_id_lineage":["carrefourdespatrimoines.fr?id=6610"],"author":"1","status":"publish","date":"2025-10-07 18:05:17","date_utc":"2025-10-07 16:05:17","modified":"2025-10-07 18:05:17","modified_utc":"2025-10-07 16:05:17","url":"https:\/\/carrefourdespatrimoines.fr\/?tribe_events=journees-nationales-de-larchitecture-au-carrefour-des-patrimoines-musee-de-campan","rest_url":"https:\/\/carrefourdespatrimoines.fr\/index.php?rest_route=\/tribe\/events\/v1\/events\/6610","title":"Journ\u00e9es nationales de l&#8217;architecture au Carrefour des Patrimoines &#8211; Mus\u00e9e de Campan","description":"<h2><span style=\"color: #e57d56;\">Ouverture du mus\u00e9e de Campan et balade interactive dans le village de Campan<\/span><\/h2>\n<h3><span style=\"color: #f4b279;\">Jeudi 16 octobre 2025 et vendredi 17 octobre 2025<\/span><\/h3>\n<h3><span style=\"color: #f4b279;\">de 10h00 \u00e0 12h00 et de 14h00 \u00e0 18h00<\/span><\/h3>\n<h3><span style=\"color: #e57d56;\">Entr\u00e9e participation libre pour faire vivre le lieu et ouvrir la culture \u00e0 tous.<\/span><\/h3>\n<p>\u00c0 l\u2019occasion des dixi\u00e8mes <span style=\"color: #285e51;\"><strong>journ\u00e9es nationales de l&#8217;architecture<\/strong><\/span>, venez d\u00e9couvrir le <span style=\"color: #285e51;\"><strong>Carrefour des Patrimoines &#8211; Mus\u00e9e de Campan<\/strong><\/span>.<\/p>\n<p><span style=\"color: #f4b279;\"><strong>Au programme :<\/strong><\/span><\/p>\n<p>&#8211; <span style=\"color: #e57d56;\"><strong>Visites guid\u00e9es du mus\u00e9e<\/strong><\/span> par notre super <span style=\"color: #e57d56;\"><strong>animateur<\/strong><\/span> passionn\u00e9, qui vous fera revivre les histoires fascinantes cach\u00e9es derri\u00e8re les photographies anciennes et les objets expos\u00e9s.<\/p>\n<p>&#8211; <span style=\"color: #e57d56;\"><strong>Explorez le village de Campan<\/strong><\/span> \u00e0 votre rythme \u00e0 travers une promenade historique et ludique, gr\u00e2ce aux <span style=\"color: #e57d56;\"><strong>tablettes num\u00e9riques<\/strong><\/span> mises \u00e0 votre disposition.<\/p>\n<p>&#8211; \u00c0 l\u2019aide des <span style=\"color: #e57d56;\"><strong>tablettes num\u00e9riques<\/strong><\/span> pr\u00eat\u00e9es par le mus\u00e9e, les <span style=\"color: #e57d56;\"><strong>enfants<\/strong><\/span> pourront s\u2019amuser avec un <span style=\"color: #e57d56;\"><strong>jeu de piste interactif \u00e0 travers le mus\u00e9e<\/strong><\/span>.<\/p>\n<p><img loading=\"lazy\" decoding=\"async\" class=\"aligncenter size-large wp-image-6611\" src=\"https:\/\/carrefourdespatrimoines.fr\/wp-content\/uploads\/2025\/10\/Journees-nationales-de-larchitecture-2025-VF-704x1024.png\" alt=\"\" width=\"704\" height=\"1024\" srcset=\"https:\/\/carrefourdespatrimoines.fr\/wp-content\/uploads\/2025\/10\/Journees-nationales-de-larchitecture-2025-VF-704x1024.png 704w, https:\/\/carrefourdespatrimoines.fr\/wp-content\/uploads\/2025\/10\/Journees-nationales-de-larchitecture-2025-VF-206x300.png 206w, https:\/\/carrefourdespatrimoines.fr\/wp-content\/uploads\/2025\/10\/Journees-nationales-de-larchitecture-2025-VF-768x1117.png 768w, https:\/\/carrefourdespatrimoines.fr\/wp-content\/uploads\/2025\/10\/Journees-nationales-de-larchitecture-2025-VF-1056x1536.png 1056w, https:\/\/carrefourdespatrimoines.fr\/wp-content\/uploads\/2025\/10\/Journees-nationales-de-larchitecture-2025-VF-370x538.png 370w, https:\/\/carrefourdespatrimoines.fr\/wp-content\/uploads\/2025\/10\/Journees-nationales-de-larchitecture-2025-VF-760x1105.png 760w, https:\/\/carrefourdespatrimoines.fr\/wp-content\/uploads\/2025\/10\/Journees-nationales-de-larchitecture-2025-VF.png 1178w\" sizes=\"auto, (max-width: 767px) 100vw, 704px\" \/><\/p>\n<p>Retrouvez le <span style=\"color: #f4b279;\"><strong>programme<\/strong><\/span> des \u00e9v\u00e8nements des <span style=\"color: #285e51;\"><strong>journ\u00e9es nationales de l&#8217;architecture<\/strong><\/span> sur le site Internet : <span style=\"color: #e57d56;\"><a style=\"color: #e57d56;\" href=\"https:\/\/journeesarchitecture.culture.gouv.fr\/w\/377958\/evenement\/19192090\/ouverture-du-musee-de-campan-et-balade-interactive-dans-le-village-de-campan#\/events\/19192090\">https:\/\/journeesarchitecture.culture.gouv.fr\/w\/377958\/evenement\/19192090\/ouverture-du-musee-de-campan-et-balade-interactive-dans-le-village-de-campan#\/events\/19192090<\/a><\/span><\/p>\n<hr \/>\n<h2><span style=\"color: #285e51;\">\u00c0 propos du Carrefour des Patrimoines &#8211; Mus\u00e9e de Campan<\/span><\/h2>\n<p>Situ\u00e9 dans l&#8217;<span style=\"color: #e57d56;\"><strong>ancienne \u00e9cole des gar\u00e7ons du village de Campan<\/strong><\/span>, le <span style=\"color: #285e51;\"><strong>Carrefour des Patrimoines<\/strong><\/span> est un <span style=\"color: #e57d56;\"><strong>mus\u00e9e<\/strong><\/span> g\u00e9r\u00e9 par l\u2019<span style=\"color: #e57d56;\"><strong>association<\/strong><\/span> la <span style=\"color: #285e51;\"><strong>Soci\u00e9t\u00e9 des Amis de Madame Campan<\/strong><\/span>.<\/p>\n<p>Notre objectif est de valoriser et transmettre l\u2019<span style=\"color: #e57d56;\"><strong>histoire<\/strong><\/span> de la vall\u00e9e de Campan et de ses habitants \u00e0 travers une riche <span style=\"color: #e57d56;\"><strong>collection de photographies anciennes<\/strong><\/span>, d\u2019<span style=\"color: #e57d56;\"><strong>objets du quotidien<\/strong><\/span>, et de t\u00e9moignages du patrimoine local, illustrant la vie autrefois et l\u2019ing\u00e9niosit\u00e9 de l\u2019\u00e9poque.<\/p>\n<p>C&#8217;est aussi un espace moderne, dot\u00e9 de <span style=\"color: #e57d56;\"><strong>bornes interactives<\/strong><\/span> permettant de d\u00e9couvrir, entre autres, l&#8217;agro-pastoralisme, l&#8217;artisanat, l&#8217;industrie, ou encore le patrimoine b\u00e2ti de la vall\u00e9e de Campan.<\/p>\n<p>Nous mettons \u00e9galement \u00e0 disposition des <span style=\"color: #e57d56;\"><strong>tablettes<\/strong><\/span> pour une <span style=\"color: #e57d56;\"><strong>balade historique et ludique dans le village de Campan<\/strong><\/span> ; ainsi qu&#8217;un <span style=\"color: #e57d56;\"><strong>jeu de piste dans le mus\u00e9e pour les enfants<\/strong><\/span>.<\/p>\n<p>Nous proposons, bien \u00e9videmment, des <span style=\"color: #e57d56;\"><strong>visites guid\u00e9es du mus\u00e9e<\/strong><\/span> par notre <span style=\"color: #e57d56;\"><strong>animateur<\/strong><\/span> passionn\u00e9, qui partage avec enthousiasme les histoires qui se cachent derri\u00e8re les photographies et objets expos\u00e9s.<\/p>\n<p>&nbsp;<\/p>\n<p style=\"text-align: center;\"><span style=\"color: #000000;\"><strong>Carrefour des Patrimoines \u2013 Mus\u00e9e de Campan<\/strong><\/span><br \/>\n<span style=\"color: #000000;\"><strong>Association la Soci\u00e9t\u00e9 des Amis de Madame Campan<\/strong><\/span><\/p>\n<p style=\"text-align: center;\"><span style=\"color: #000000;\">Mus\u00e9e <strong>ouvert du mardi au vendredi<\/strong><\/span><\/p>\n<p style=\"text-align: center;\"><span style=\"color: #000000;\"><strong>de 10h00 \u00e0 12h00 et de 14h00 \u00e0 18h00<\/strong><\/span><\/p>\n<p style=\"text-align: center;\"><span style=\"color: #000000;\"><strong>Ferm\u00e9 le samedi, dimanche et lundi, sauf en cas d&#8217;\u00e9v\u00e8nement exceptionnel.<\/strong><\/span><\/p>\n<p style=\"text-align: center;\"><span style=\"color: #000000;\">Places de stationnement gratuites \u00e0 proximit\u00e9 et pince-roues pour les v\u00e9los dans la cour du mus\u00e9e.<\/span><\/p>\n<p style=\"text-align: center;\"><span style=\"color: #000000;\"><strong>40 Rue du Mar\u00e9chal Leclerc<\/strong><\/span><br \/>\n<span style=\"color: #000000;\"><strong>65710 CAMPAN<\/strong><\/span><br \/>\n<span style=\"color: #000000;\"><strong>05 62 91 72 81<\/strong><\/span><br \/>\n<span style=\"color: #254070;\"><strong><span style=\"color: #000000;\">contact@carrefourdespatrimoines.f<\/span>r<\/strong><\/span><\/p>\n<p><span style=\"color: #000000;\"><strong>Facebook : Carrefour des Patrimoines<\/strong><\/span><br \/>\n<span style=\"color: #e57d56;\"><a style=\"color: #e57d56;\" href=\"https:\/\/www.facebook.com\/carrefour.patrimoines?locale=fr_FR\">https:\/\/www.facebook.com\/carrefour.patrimoines?locale=fr_FR<\/a><\/span><\/p>\n<p><span style=\"color: #000000;\"><strong>Instagram : carrefour_des_patrimoines<\/strong><\/span><br \/>\n<span style=\"color: #e57d56;\"><a style=\"color: #e57d56;\" href=\"https:\/\/www.instagram.com\/carrefour_des_patrimoines\/\">https:\/\/www.instagram.com\/carrefour_des_patrimoines\/<\/a><\/span><\/p>\n<p>&nbsp;<\/p>","excerpt":"","slug":"journees-nationales-de-larchitecture-au-carrefour-des-patrimoines-musee-de-campan","image":{"url":"https:\/\/carrefourdespatrimoines.fr\/wp-content\/uploads\/2025\/10\/jna-2025.png","id":6616,"extension":"png","width":450,"height":450,"filesize":417460,"sizes":{"medium":{"width":300,"height":300,"mime-type":"image\/png","filesize":92500,"url":"https:\/\/carrefourdespatrimoines.fr\/wp-content\/uploads\/2025\/10\/jna-2025-300x300.png"},"thumbnail":{"width":150,"height":150,"mime-type":"image\/png","filesize":15643,"url":"https:\/\/carrefourdespatrimoines.fr\/wp-content\/uploads\/2025\/10\/jna-2025-150x150.png"},"post-thumbnail":{"width":370,"height":370,"mime-type":"image\/png","filesize":129185,"url":"https:\/\/carrefourdespatrimoines.fr\/wp-content\/uploads\/2025\/10\/jna-2025-370x370.png"},"confix-thumb-med":{"width":370,"height":208,"mime-type":"image\/png","filesize":84143,"url":"https:\/\/carrefourdespatrimoines.fr\/wp-content\/uploads\/2025\/10\/jna-2025-370x208.png"},"confix-thumb-extra":{"width":380,"height":420,"mime-type":"image\/png","filesize":144476,"url":"https:\/\/carrefourdespatrimoines.fr\/wp-content\/uploads\/2025\/10\/jna-2025-380x420.png"},"confix-thumb-team":{"width":450,"height":390,"mime-type":"image\/png","filesize":176658,"url":"https:\/\/carrefourdespatrimoines.fr\/wp-content\/uploads\/2025\/10\/jna-2025-450x390.png"},"confix-thumb-list":{"width":285,"height":145,"mime-type":"image\/png","filesize":52578,"url":"https:\/\/carrefourdespatrimoines.fr\/wp-content\/uploads\/2025\/10\/jna-2025-285x145.png"},"confix-thumb-tiny":{"width":90,"height":90,"mime-type":"image\/png","filesize":7178,"url":"https:\/\/carrefourdespatrimoines.fr\/wp-content\/uploads\/2025\/10\/jna-2025-90x90.png"},"confix-thumb-masonry":{"width":370,"height":370,"mime-type":"image\/png","filesize":129185,"url":"https:\/\/carrefourdespatrimoines.fr\/wp-content\/uploads\/2025\/10\/jna-2025-370x370.png"},"trx_addons-thumb-small":{"width":270,"height":152,"mime-type":"image\/png","filesize":51570,"url":"https:\/\/carrefourdespatrimoines.fr\/wp-content\/uploads\/2025\/10\/jna-2025-270x152.png"},"trx_addons-thumb-portrait":{"width":370,"height":450,"mime-type":"image\/png","filesize":162645,"url":"https:\/\/carrefourdespatrimoines.fr\/wp-content\/uploads\/2025\/10\/jna-2025-370x450.png"},"trx_addons-thumb-avatar":{"width":370,"height":370,"mime-type":"image\/png","filesize":129185,"url":"https:\/\/carrefourdespatrimoines.fr\/wp-content\/uploads\/2025\/10\/jna-2025-370x370.png"}}},"all_day":true,"start_date":"2025-10-16 00:00:00","start_date_details":{"year":"2025","month":"10","day":"16","hour":"00","minutes":"00","seconds":"00"},"end_date":"2025-10-17 23:59:59","end_date_details":{"year":"2025","month":"10","day":"17","hour":"23","minutes":"59","seconds":"59"},"utc_start_date":"2025-10-15 22:00:00","utc_start_date_details":{"year":"2025","month":"10","day":"15","hour":"22","minutes":"00","seconds":"00"},"utc_end_date":"2025-10-17 21:59:59","utc_end_date_details":{"year":"2025","month":"10","day":"17","hour":"21","minutes":"59","seconds":"59"},"timezone":"Europe\/Paris","timezone_abbr":"CEST","cost":"","cost_details":{"currency_symbol":"","currency_code":"","currency_position":"suffix","values":[]},"website":"","show_map":true,"show_map_link":true,"hide_from_listings":false,"sticky":true,"featured":true,"categories":[{"name":"2025","slug":"2025","term_group":0,"term_taxonomy_id":132,"taxonomy":"tribe_events_cat","description":"","parent":0,"count":8,"filter":"raw","id":132,"urls":{"self":"https:\/\/carrefourdespatrimoines.fr\/index.php?rest_route=\/tribe\/events\/v1\/categories\/132","collection":"https:\/\/carrefourdespatrimoines.fr\/index.php?rest_route=\/tribe\/events\/v1\/categories"}},{"name":"a-venir","slug":"a-venir","term_group":0,"term_taxonomy_id":35,"taxonomy":"tribe_events_cat","description":"","parent":0,"count":26,"filter":"raw","id":35,"urls":{"self":"https:\/\/carrefourdespatrimoines.fr\/index.php?rest_route=\/tribe\/events\/v1\/categories\/35","collection":"https:\/\/carrefourdespatrimoines.fr\/index.php?rest_route=\/tribe\/events\/v1\/categories"}},{"name":"actualit\u00e9s","slug":"actualites","term_group":0,"term_taxonomy_id":120,"taxonomy":"tribe_events_cat","description":"","parent":0,"count":36,"filter":"raw","id":120,"urls":{"self":"https:\/\/carrefourdespatrimoines.fr\/index.php?rest_route=\/tribe\/events\/v1\/categories\/120","collection":"https:\/\/carrefourdespatrimoines.fr\/index.php?rest_route=\/tribe\/events\/v1\/categories"}}],"tags":[],"venue":[],"organizer":[],"json_ld":{"@context":"http:\/\/schema.org","@type":"Event","name":"Journ\u00e9es nationales de l&#8217;architecture au Carrefour des Patrimoines &#8211; Mus\u00e9e de Campan","description":"&lt;p&gt;Ouverture du mus\u00e9e de Campan et balade interactive dans le village de Campan Jeudi 16 octobre 2025 et vendredi 17 octobre 2025 de 10h00 \u00e0 12h00 et de 14h00 \u00e0&hellip;&lt;\/p&gt;\\n","image":"https:\/\/carrefourdespatrimoines.fr\/wp-content\/uploads\/2025\/10\/jna-2025.png","url":"https:\/\/carrefourdespatrimoines.fr\/?tribe_events=journees-nationales-de-larchitecture-au-carrefour-des-patrimoines-musee-de-campan","eventAttendanceMode":"https:\/\/schema.org\/OfflineEventAttendanceMode","startDate":"2025-10-16T00:00:00+02:00","endDate":"2025-10-17T23:59:59+02:00","performer":"Organization"}}