{"id":6602,"global_id":"carrefourdespatrimoines.fr?id=6602","global_id_lineage":["carrefourdespatrimoines.fr?id=6602"],"author":"1","status":"publish","date":"2025-09-21 19:01:58","date_utc":"2025-09-21 17:01:58","modified":"2026-02-27 10:05:52","modified_utc":"2026-02-27 09:05:52","url":"https:\/\/carrefourdespatrimoines.fr\/?tribe_events=nouveaux-horaires-douverture-au-carrefour-des-patrimoines-musee-de-campan","rest_url":"https:\/\/carrefourdespatrimoines.fr\/index.php?rest_route=\/tribe\/events\/v1\/events\/6602","title":"Horaires d&#8217;ouverture du mus\u00e9e et informations utiles","description":"<h3><\/h3>\n<h3 style=\"text-align: center;\"><span style=\"color: #e6b840;\">Carrefour des Patrimoines &#8211; Mus\u00e9e de Campan<\/span><\/h3>\n<p style=\"text-align: center;\">Derni\u00e8re mise \u00e0 jour : f\u00e9vrier 2026<\/p>\n<h3><span style=\"color: #31495d;\">Horaires d&#8217;ouverture<\/span><\/h3>\n<p><span style=\"color: #e6b840;\"><strong style=\"color: #333333;\"><span style=\"color: #e6b840;\">Le mus\u00e9e est ouvert toute l&#8217;ann\u00e9e !<\/span><\/strong><\/span><\/p>\n<p>&nbsp;<\/p>\n<p><span style=\"color: #e6b840;\"><strong>De fin septembre \u00e0 mi-mai<\/strong><\/span><\/p>\n<p>Ouvert du <strong>MARDI<\/strong> au <strong>VENDREDI<\/strong><\/p>\n<p>de <strong>10h<\/strong> \u00e0 <strong>12h<\/strong> et de <strong>14h<\/strong> \u00e0 <strong>18h<\/strong><\/p>\n<p>&nbsp;<\/p>\n<p>Ferm\u00e9 <strong>SAMEDI<\/strong>, <strong>DIMANCHE<\/strong> et <strong>LUNDI<\/strong><\/p>\n<p>sauf en cas d&#8217;\u00e9v\u00e8nement exceptionnel.<\/p>\n<p>&nbsp;<\/p>\n<p>Vous retrouverez ici m\u00eame les horaires d&#8217;ouverture pour la p\u00e9riode estivale (mi-mai, juin, juillet, ao\u00fbt, septembre)<\/p>\n<p>&nbsp;<\/p>\n<h3><span style=\"color: #31495d;\">Comment venir au mus\u00e9e ?<\/span><\/h3>\n<p><strong>Carrefour des Patrimoines Mus\u00e9e de Campan<\/strong><\/p>\n<p><strong>40 Rue du G\u00e9n\u00e9ral Leclerc 65710 CAMPAN<\/strong><\/p>\n<p>&nbsp;<\/p>\n<ul>\n<li style=\"text-align: left;\"><span style=\"color: #e6b840;\"><strong>En voiture, \u00e0 v\u00e9lo, \u00e0 pied<\/strong> <span class=\"icon-car\">\u00a0<\/span><span class=\"icon-bicycle\">\u00a0<\/span><span class=\"icon-male\">\u00a0<\/span><\/span><\/li>\n<\/ul>\n<p><strong><span style=\"color: #31495d;\"><a style=\"color: #31495d;\" href=\"https:\/\/maps.app.goo.gl\/QRaH73q3WMHQjnen9\">Google Maps <span class=\"icon-iconmonstr-location-pin-thin\">\u00a0<\/span><\/a><\/span><\/strong><\/p>\n<p><strong><span style=\"color: #31495d;\"><a style=\"color: #31495d;\" href=\"https:\/\/ul.waze.com\/ul?place=ChIJu1li_ko6qBIRctWyjL7BxEQ&amp;ll=43.01518240%2C0.17833390&amp;navigate=yes&amp;utm_campaign=default&amp;utm_source=waze_website&amp;utm_medium=lm_share_location\">Waze <span class=\"icon-iconmonstr-location-pin-thin\">\u00a0<\/span><\/a><\/span><\/strong><\/p>\n<p>Places de stationnement gratuites \u00e0 proximit\u00e9 et pince-roues pour les v\u00e9los dans la cour du mus\u00e9e.<\/p>\n<ul>\n<li style=\"text-align: left;\"><span style=\"color: #e6b840;\"><strong>En navette<\/strong> <span class=\"icon-bus\">\u00a0<\/span><\/span><\/li>\n<\/ul>\n<p><a href=\"https:\/\/www.haute-bigorre.fr\/vivre-sur-le-territoire\/mobilite\/se-deplacer-sans-voiture\/se-deplacer-vers-la-mongie\/\"><strong><span style=\"color: #31495d;\">Skibus Bagn\u00e8res &lt;&gt; La Mongie <\/span><\/strong><\/a>: Arr\u00eat Campan Bourg<\/p>\n<p>&nbsp;<\/p>\n<h3><span style=\"color: #31495d;\">Tarifs\u00a0<\/span><\/h3>\n<p>L&#8217;entr\u00e9e est \u00e0 <span style=\"color: #e6b840;\"><strong>participation libre<\/strong><\/span>. Vous donnez ce que vous voulez et chaque contribution compte.<\/p>\n<p>Votre soutien et votre g\u00e9n\u00e9rosit\u00e9 permettent \u00e0 notre association de <strong>maintenir l&#8217;emploi de notre animateur salari\u00e9<\/strong> et de <strong>poursuivre nos actions culturelles<\/strong>.<\/p>\n<p>&nbsp;<\/p>\n<p>&nbsp;<\/p>\n<h3><span style=\"color: #31495d;\">Visites de groupes scolaires, associatifs, touristiques, centres de loisirs, colonies de vacances &#8230;<\/span><\/h3>\n<p>Nous vous accompagnons pour l&#8217;organisation de <span style=\"color: #31495d;\"><strong>visites guid\u00e9es du mus\u00e9e et\/ou du village de Campan<\/strong><\/span>.<\/p>\n<p>Pour toute demande d&#8217;information, de devis ou r\u00e9servation, <strong><span style=\"color: #e6b840;\">merci de nous contacter au pr\u00e9alable<\/span><\/strong> :<\/p>\n<p><span style=\"color: #31495d;\"><strong>amis.madame.campan@gmail.com<\/strong><\/span><\/p>\n<p><span style=\"color: #31495d;\"><strong>05 62 91 72 81<\/strong><\/span><\/p>\n<p>Pour des raisons d&#8217;affluence, de confort et de s\u00e9curit\u00e9, le mus\u00e9e est privatis\u00e9 pour votre groupe pendant la dur\u00e9e de la visite guid\u00e9e (1 heure).<\/p>\n<p>Pour la visite guid\u00e9e du mus\u00e9e, le <span style=\"color: #31495d;\"><strong>tarif<\/strong><\/span> comprend un forfait de <span style=\"color: #31495d;\"><strong>25,00\u20ac pour le groupe + 5,00\u20ac\/participant<\/strong><\/span>. Les accompagnateurs b\u00e9n\u00e9ficient de la gratuit\u00e9.<\/p>\n<p><strong>Exemple:<\/strong> Pour un groupe de 10 enfants avec deux accompagnateurs = <strong>75,00\u20ac.<\/strong><\/p>\n<p>&nbsp;<\/p>\n<p>&nbsp;<\/p>\n<h3><span style=\"color: #31495d;\">D\u00e9couvrez notre espace boutique<\/span><\/h3>\n<p>Le mus\u00e9e abrite \u00e9galement un espace boutique o\u00f9 nous proposons \u00e0 la vente les ouvrages de la <span style=\"color: #e6b840;\"><strong>SAMC \u00c9dition<\/strong><\/span> :<\/p>\n<ul>\n<li><span style=\"color: #31495d;\"><strong>Campan, voyage aux sources de l&#8217;Adour<\/strong><\/span><\/li>\n<\/ul>\n<p>Un livre-souvenir richement illustr\u00e9 qui permet de d\u00e9couvrir et de comprendre l&#8217;histoire de la vall\u00e9e. <span style=\"color: #e6b840;\"><strong>20\u20ac<\/strong><\/span><\/p>\n<p>&nbsp;<\/p>\n<ul>\n<li><span style=\"color: #31495d;\"><strong>Sentiers et court\u00e0ous en vall\u00e9e de Campan<\/strong><\/span><\/li>\n<\/ul>\n<p>12 randonn\u00e9es pour explorer le patrimoine campanois et parcourir la plus belle de toutes les vall\u00e9es. <strong><span style=\"color: #e6b840;\">15\u20ac<\/span><\/strong><\/p>\n<p>&nbsp;<\/p>\n<ul>\n<li><span style=\"color: #31495d;\"><strong>Chronique impertinente des Gasconnes, Vascons et autres Basques &#8211; Didier R\u00f6sch<\/strong><\/span><\/li>\n<\/ul>\n<p>Didier R\u00f6sch nous entra\u00eene dans une plong\u00e9e passionnante au c\u0153ur de l&#8217;histoire, d&#8217;Alaric II (507) \u00e0 Gaston F\u00e9bus (1391). Un ouvrage incontournable pour tous les amateurs d&#8217;histoire et des Pyr\u00e9n\u00e9es. <strong><span style=\"color: #e6b840;\">20\u20ac<\/span><\/strong><\/p>\n<p>&nbsp;<\/p>\n<p>&nbsp;<\/p>\n<h3><span style=\"color: #31495d;\">Suivez notre actualit\u00e9<\/span><\/h3>\n<p>Pour d\u00e9couvrir nos prochains \u00e9v\u00e8nements et temps forts, n&#8217;h\u00e9sitez pas \u00e0 consulter notre\u00a0<span style=\"color: #31495d;\"><strong><a style=\"color: #31495d;\" href=\"https:\/\/carrefourdespatrimoines.fr\/\">site Internet\u00a0<span class=\"icon-wordpress\">\u00a0<\/span><\/a><\/strong><\/span>, ainsi que nos pages\u00a0<span style=\"color: #31495d;\"><strong><a style=\"color: #31495d;\" href=\"https:\/\/www.facebook.com\/carrefour.patrimoines?locale=fr_FR\">Facebook\u00a0<span class=\"icon-iconmonstr-facebook\">\u00a0<\/span><\/a>\u00a0<\/strong><\/span>et\u00a0<span style=\"color: #31495d;\"><strong><a style=\"color: #31495d;\" href=\"https:\/\/www.instagram.com\/carrefour_des_patrimoines\/\">Instagram\u00a0<span class=\"icon-iconmonstr-instagram\">\u00a0<\/span><\/a><\/strong><\/span>.<\/p>\n<p>&nbsp;<\/p>\n<h4><strong><span style=\"color: #e6b840;\">Au plaisir de vous accueillir prochainement au mus\u00e9e !<\/span><\/strong><\/h4>\n<p>&nbsp;<\/p>\n<p>&nbsp;<\/p>","excerpt":"","slug":"nouveaux-horaires-douverture-au-carrefour-des-patrimoines-musee-de-campan","image":{"url":"https:\/\/carrefourdespatrimoines.fr\/wp-content\/uploads\/2025\/09\/exterieur-musee-scaled.jpg","id":6683,"extension":"jpg","width":2560,"height":1920,"filesize":579374,"sizes":{"medium":{"width":300,"height":225,"mime-type":"image\/jpeg","filesize":12260,"url":"https:\/\/carrefourdespatrimoines.fr\/wp-content\/uploads\/2025\/09\/exterieur-musee-300x225.jpg"},"large":{"width":1024,"height":768,"mime-type":"image\/jpeg","filesize":102915,"url":"https:\/\/carrefourdespatrimoines.fr\/wp-content\/uploads\/2025\/09\/exterieur-musee-1024x768.jpg"},"thumbnail":{"width":150,"height":150,"mime-type":"image\/jpeg","filesize":5519,"url":"https:\/\/carrefourdespatrimoines.fr\/wp-content\/uploads\/2025\/09\/exterieur-musee-150x150.jpg"},"medium_large":{"width":768,"height":576,"mime-type":"image\/jpeg","filesize":60065,"url":"https:\/\/carrefourdespatrimoines.fr\/wp-content\/uploads\/2025\/09\/exterieur-musee-768x576.jpg"},"1536x1536":{"width":1536,"height":1152,"mime-type":"image\/jpeg","filesize":224445,"url":"https:\/\/carrefourdespatrimoines.fr\/wp-content\/uploads\/2025\/09\/exterieur-musee-1536x1152.jpg"},"2048x2048":{"width":2048,"height":1536,"mime-type":"image\/jpeg","filesize":388321,"url":"https:\/\/carrefourdespatrimoines.fr\/wp-content\/uploads\/2025\/09\/exterieur-musee-2048x1536.jpg"},"post-thumbnail":{"width":370,"height":278,"mime-type":"image\/jpeg","filesize":17004,"url":"https:\/\/carrefourdespatrimoines.fr\/wp-content\/uploads\/2025\/09\/exterieur-musee-370x278.jpg"},"confix-thumb-huge":{"width":1170,"height":658,"mime-type":"image\/jpeg","filesize":100445,"url":"https:\/\/carrefourdespatrimoines.fr\/wp-content\/uploads\/2025\/09\/exterieur-musee-1170x658.jpg"},"confix-thumb-big":{"width":780,"height":480,"mime-type":"image\/jpeg","filesize":51229,"url":"https:\/\/carrefourdespatrimoines.fr\/wp-content\/uploads\/2025\/09\/exterieur-musee-780x480.jpg"},"confix-thumb-med":{"width":370,"height":208,"mime-type":"image\/jpeg","filesize":13206,"url":"https:\/\/carrefourdespatrimoines.fr\/wp-content\/uploads\/2025\/09\/exterieur-musee-370x208.jpg"},"confix-thumb-extra":{"width":380,"height":420,"mime-type":"image\/jpeg","filesize":25551,"url":"https:\/\/carrefourdespatrimoines.fr\/wp-content\/uploads\/2025\/09\/exterieur-musee-380x420.jpg"},"confix-thumb-team":{"width":520,"height":390,"mime-type":"image\/jpeg","filesize":29946,"url":"https:\/\/carrefourdespatrimoines.fr\/wp-content\/uploads\/2025\/09\/exterieur-musee-520x390.jpg"},"confix-thumb-list":{"width":285,"height":145,"mime-type":"image\/jpeg","filesize":8274,"url":"https:\/\/carrefourdespatrimoines.fr\/wp-content\/uploads\/2025\/09\/exterieur-musee-285x145.jpg"},"confix-thumb-tiny":{"width":90,"height":90,"mime-type":"image\/jpeg","filesize":3092,"url":"https:\/\/carrefourdespatrimoines.fr\/wp-content\/uploads\/2025\/09\/exterieur-musee-90x90.jpg"},"confix-thumb-masonry-big":{"width":760,"height":570,"mime-type":"image\/jpeg","filesize":59001,"url":"https:\/\/carrefourdespatrimoines.fr\/wp-content\/uploads\/2025\/09\/exterieur-musee-760x570.jpg"},"confix-thumb-masonry":{"width":370,"height":278,"mime-type":"image\/jpeg","filesize":17004,"url":"https:\/\/carrefourdespatrimoines.fr\/wp-content\/uploads\/2025\/09\/exterieur-musee-370x278.jpg"},"trx_addons-thumb-small":{"width":270,"height":152,"mime-type":"image\/jpeg","filesize":8166,"url":"https:\/\/carrefourdespatrimoines.fr\/wp-content\/uploads\/2025\/09\/exterieur-musee-270x152.jpg"},"trx_addons-thumb-portrait":{"width":370,"height":493,"mime-type":"image\/jpeg","filesize":29138,"url":"https:\/\/carrefourdespatrimoines.fr\/wp-content\/uploads\/2025\/09\/exterieur-musee-370x493.jpg"},"trx_addons-thumb-avatar":{"width":370,"height":370,"mime-type":"image\/jpeg","filesize":22424,"url":"https:\/\/carrefourdespatrimoines.fr\/wp-content\/uploads\/2025\/09\/exterieur-musee-370x370.jpg"}},"original_image":"exterieur-musee.jpg"},"all_day":false,"start_date":"2025-09-23 00:00:00","start_date_details":{"year":"2025","month":"09","day":"23","hour":"00","minutes":"00","seconds":"00"},"end_date":"2026-05-31 23:59:00","end_date_details":{"year":"2026","month":"05","day":"31","hour":"23","minutes":"59","seconds":"00"},"utc_start_date":"2025-09-22 22:00:00","utc_start_date_details":{"year":"2025","month":"09","day":"22","hour":"22","minutes":"00","seconds":"00"},"utc_end_date":"2026-05-31 21:59:00","utc_end_date_details":{"year":"2026","month":"05","day":"31","hour":"21","minutes":"59","seconds":"00"},"timezone":"Europe\/Paris","timezone_abbr":"CEST","cost":"","cost_details":{"currency_symbol":"","currency_code":"","currency_position":"suffix","values":[]},"website":"","show_map":true,"show_map_link":true,"hide_from_listings":false,"sticky":true,"featured":true,"categories":[{"name":"2026","slug":"2026","term_group":0,"term_taxonomy_id":133,"taxonomy":"tribe_events_cat","description":"","parent":0,"count":7,"filter":"raw","id":133,"urls":{"self":"https:\/\/carrefourdespatrimoines.fr\/index.php?rest_route=\/tribe\/events\/v1\/categories\/133","collection":"https:\/\/carrefourdespatrimoines.fr\/index.php?rest_route=\/tribe\/events\/v1\/categories"}},{"name":"actualit\u00e9s","slug":"actualites","term_group":0,"term_taxonomy_id":120,"taxonomy":"tribe_events_cat","description":"","parent":0,"count":36,"filter":"raw","id":120,"urls":{"self":"https:\/\/carrefourdespatrimoines.fr\/index.php?rest_route=\/tribe\/events\/v1\/categories\/120","collection":"https:\/\/carrefourdespatrimoines.fr\/index.php?rest_route=\/tribe\/events\/v1\/categories"}}],"tags":[],"venue":[],"organizer":[],"json_ld":{"@context":"http:\/\/schema.org","@type":"Event","name":"Horaires d&#8217;ouverture du mus\u00e9e et informations utiles","description":"&lt;p&gt;Carrefour des Patrimoines - Mus\u00e9e de Campan Derni\u00e8re mise \u00e0 jour : f\u00e9vrier 2026 Horaires d\\'ouverture Le mus\u00e9e est ouvert toute l\\'ann\u00e9e ! &nbsp; De fin septembre \u00e0 mi-mai Ouvert&hellip;&lt;\/p&gt;\\n","image":"https:\/\/carrefourdespatrimoines.fr\/wp-content\/uploads\/2025\/09\/exterieur-musee-scaled.jpg","url":"https:\/\/carrefourdespatrimoines.fr\/?tribe_events=nouveaux-horaires-douverture-au-carrefour-des-patrimoines-musee-de-campan","eventAttendanceMode":"https:\/\/schema.org\/OfflineEventAttendanceMode","startDate":"2025-09-23T00:00:00+02:00","endDate":"2026-05-31T23:59:00+02:00","performer":"Organization"}}