{"events":[{"id":6756,"global_id":"carrefourdespatrimoines.fr?id=6756","global_id_lineage":["carrefourdespatrimoines.fr?id=6756"],"author":"1","status":"publish","date":"2026-04-24 21:08:19","date_utc":"2026-04-24 19:08:19","modified":"2026-04-30 18:21:51","modified_utc":"2026-04-30 16:21:51","url":"https:\/\/carrefourdespatrimoines.fr\/?tribe_events=cabanes-destives-courtaous-et-enclos","rest_url":"https:\/\/carrefourdespatrimoines.fr\/index.php?rest_route=\/tribe\/events\/v1\/events\/6756","title":"CABANES D&#8217;ESTIVES &#8211; COURT\u00c0OUS ET ENCLOS","description":"<p>&nbsp;<\/p>\n<p>&nbsp;<\/p>\n<p>&nbsp;<\/p>\n<p><span style=\"color: #000000;\"><img loading=\"lazy\" decoding=\"async\" class=\"aligncenter size-large wp-image-6757\" src=\"https:\/\/carrefourdespatrimoines.fr\/wp-content\/uploads\/2026\/04\/Bandeau-Cabanes-destives-courtaous-et-enclos-1024x601.png\" alt=\"\" width=\"1024\" height=\"601\" srcset=\"https:\/\/carrefourdespatrimoines.fr\/wp-content\/uploads\/2026\/04\/Bandeau-Cabanes-destives-courtaous-et-enclos-1024x601.png 1024w, https:\/\/carrefourdespatrimoines.fr\/wp-content\/uploads\/2026\/04\/Bandeau-Cabanes-destives-courtaous-et-enclos-300x176.png 300w, https:\/\/carrefourdespatrimoines.fr\/wp-content\/uploads\/2026\/04\/Bandeau-Cabanes-destives-courtaous-et-enclos-768x451.png 768w, https:\/\/carrefourdespatrimoines.fr\/wp-content\/uploads\/2026\/04\/Bandeau-Cabanes-destives-courtaous-et-enclos-1536x901.png 1536w, https:\/\/carrefourdespatrimoines.fr\/wp-content\/uploads\/2026\/04\/Bandeau-Cabanes-destives-courtaous-et-enclos-370x217.png 370w, https:\/\/carrefourdespatrimoines.fr\/wp-content\/uploads\/2026\/04\/Bandeau-Cabanes-destives-courtaous-et-enclos-760x446.png 760w, https:\/\/carrefourdespatrimoines.fr\/wp-content\/uploads\/2026\/04\/Bandeau-Cabanes-destives-courtaous-et-enclos.png 1587w\" sizes=\"auto, (max-width: 1024px) 100vw, 1024px\" \/><\/span><\/p>\n<h1 style=\"text-align: center;\"><span style=\"color: #e6b840;\">CABANES D&#8217;ESTIVES &#8211; COURT\u00c0OUS ET ENCLOS<\/span><\/h1>\n<h3 style=\"text-align: center;\"><span style=\"color: #e6b840;\"><strong>du 23 mai au 7 juin 2026<\/strong><\/span><\/h3>\n<h3 style=\"text-align: center;\"><span style=\"color: #e6b840;\"><strong>Carrefour des Patrimoines &#8211; Mus\u00e9e de Campan<\/strong><\/span><\/h3>\n<h5 style=\"text-align: center;\"><span style=\"color: #e6b840;\">Un \u00e9v\u00e8nement in\u00e9dit propos\u00e9 par l&#8217;association la <strong>Soci\u00e9t\u00e9 des Amis de Madame Campan<\/strong><\/span><\/h5>\n<p>&nbsp;<\/p>\n<h2 style=\"text-align: center;\"><span style=\"color: #e6b840;\"><strong>AU PROGRAMME<\/strong><\/span><\/h2>\n<h3><span style=\"color: #e6b840;\">SAMEDI 23 MAI, 15h<\/span><\/h3>\n<p><small><span style=\"color: #999999;\">(Ouverture exceptionnelle du mus\u00e9e un samedi)<\/span><\/small><\/p>\n<p><span style=\"color: #000000;\"><span style=\"color: #31495d;\"><strong>Vernissage<\/strong><\/span> de l&#8217;<span style=\"color: #31495d;\"><strong>exposition photographique<\/strong><\/span> d&#8217;<span style=\"color: #31495d;\"><strong>Antoine BROSSE<\/strong><\/span>,\u00a0<\/span><span style=\"color: #000000;\">issue de son\u00a0<\/span><span style=\"color: #31495d;\"><strong>nouveau livre<\/strong><span style=\"color: #000000;\"> :<\/span> <\/span><span style=\"color: #ff6600;\"><strong><em>Cabanes d&#8217;en haut &amp; m\u00e9moire d&#8217;estives<\/em><\/strong><\/span><span style=\"color: #000000;\">,<\/span><span style=\"color: #000000;\">\u00a0en <\/span><span style=\"color: #31495d;\"><strong>d\u00e9dicace<\/strong><\/span><span style=\"color: #000000;\"> le m\u00eame jour.<\/span><\/p>\n<p><span style=\"color: #000000;\">L&#8217;exposition photographique sera ensuite ouverte au public, <span style=\"color: #31495d;\"><strong>jusqu&#8217;au DIMANCHE 7 JUIN inclus<\/strong><\/span>, aux horaires d&#8217;ouverture du mus\u00e9e, <strong><span style=\"color: #31495d;\">du DIMANCHE au VENDREDI<\/span>, <span style=\"color: #31495d;\">de 10h \u00e0 12h et de 15h \u00e0 19h<\/span><\/strong>.<\/span><\/p>\n<p>&nbsp;<\/p>\n<p style=\"text-align: center;\"><img loading=\"lazy\" decoding=\"async\" class=\"aligncenter wp-image-6786\" src=\"https:\/\/carrefourdespatrimoines.fr\/wp-content\/uploads\/2026\/04\/Couverture-Cabanes-den-haut-Antoine-Brosse-300x295.png\" alt=\"\" width=\"350\" height=\"344\" srcset=\"https:\/\/carrefourdespatrimoines.fr\/wp-content\/uploads\/2026\/04\/Couverture-Cabanes-den-haut-Antoine-Brosse-300x295.png 300w, https:\/\/carrefourdespatrimoines.fr\/wp-content\/uploads\/2026\/04\/Couverture-Cabanes-den-haut-Antoine-Brosse.png 1660w\" sizes=\"auto, (max-width: 767px) 100vw, 350px\" \/> <span style=\"color: #808080;\"><small>Nouveau livre d&#8217;Antoine BROSSE : <em>Cabanes d&#8217;en haut &amp; m\u00e9moire d&#8217;estives<\/em><\/small><\/span><\/p>\n<p>\u00c0 d\u00e9couvrir \u00e9galement, le <span style=\"color: #31495d;\"><strong>site Internet d&#8217;Antoine BROSSE &#8211; Ze\u00fbgma Editions<\/strong><\/span>\u00a0: <span style=\"color: #ff6600;\"><a style=\"color: #ff6600;\" href=\"https:\/\/www.antoine-bross.com\/\"><strong>www.antoine-bross.com<\/strong><\/a><\/span><\/p>\n<hr \/>\n<h3><span style=\"color: #e6b840;\">JEUDI 28 MAI, 17h &amp; 20h30<\/span><\/h3>\n<p><span style=\"color: #000000;\"><span style=\"color: #31495d;\"><strong>Projections<\/strong><\/span> du <span style=\"color: #31495d;\"><strong>film<\/strong><\/span> amateur <span style=\"color: #31495d;\">&#8220;<em><strong>Des cabanes et des hommes, hommage \u00e0 Georges Buisan<\/strong><\/em>&#8220;<\/span> de <span style=\"color: #31495d;\"><strong>Jean-Jacques CR\u00c9QUIGNE<\/strong><\/span> et <span style=\"color: #31495d;\"><strong>Jean-Michel LETORT<\/strong><\/span>.<\/span><\/p>\n<p><span style=\"color: #ff0000;\"><strong>SUR R\u00c9SERVATION UNIQUEMENT<\/strong><\/span><\/p>\n<ul>\n<li><span style=\"color: #000000;\"><span style=\"color: #31495d;\"><strong><span class=\"icon-phone\">\u00a0 <\/span>Par t\u00e9l\u00e9phone<\/strong><\/span> au <span style=\"color: #31495d;\"><strong>05 62 91 72 81<\/strong><\/span>, aux horaires d&#8217;ouverture de l&#8217;accueil t\u00e9l\u00e9phonique, <span style=\"color: #31495d;\"><strong>du MARDI au VENDREDI, de 10h \u00e0 12h et de 15h \u00e0 18h<\/strong><\/span>.<\/span><\/li>\n<li><span style=\"color: #000000;\"><span style=\"color: #31495d;\"><strong><span class=\"icon-user-alt\">\u00a0 <\/span>Ou directement \u00e0 l&#8217;accueil du mus\u00e9e<\/strong><\/span>, aux horaires d&#8217;ouverture du mus\u00e9e.<\/span><\/li>\n<\/ul>\n<p>&nbsp;<\/p>\n<p><strong><span style=\"color: #ff0000;\">Merci de consulter r\u00e9guli\u00e8rement cette page pour v\u00e9rifier les places disponibles.<\/span><\/strong><\/p>\n<h4><span style=\"color: #31495d;\"><strong><span class=\"icon-tickets\">\u00a0 <\/span>S\u00c9ANCE du 28\/05, 17h00 : <span style=\"color: #008000;\">39 places disponibles<\/span><\/strong><\/span><\/h4>\n<h4><span style=\"color: #31495d;\"><strong><span class=\"icon-tickets\">\u00a0 <\/span>S\u00c9ANCE du 28\/05, 20h30 : <span style=\"color: #008000;\">37\u00a0places disponibles<\/span><\/strong><\/span><\/h4>\n<pre><span style=\"color: #000000;\">(derni\u00e8re mise \u00e0 jour : 30\/04 18:00)<\/span><\/pre>\n<p><span style=\"color: #31495d;\"><strong>Tarifs : Participation libre sur place, le jour m\u00eame<\/strong>.<\/span><\/p>\n<p><img loading=\"lazy\" decoding=\"async\" class=\"aligncenter wp-image-6789 size-full\" src=\"https:\/\/carrefourdespatrimoines.fr\/wp-content\/uploads\/2026\/04\/DES-CABANES-ET-DES-HOMMES-HOMMAGE-A-GEORGES-BUISAN.png\" alt=\"\" width=\"691\" height=\"392\" srcset=\"https:\/\/carrefourdespatrimoines.fr\/wp-content\/uploads\/2026\/04\/DES-CABANES-ET-DES-HOMMES-HOMMAGE-A-GEORGES-BUISAN.png 691w, https:\/\/carrefourdespatrimoines.fr\/wp-content\/uploads\/2026\/04\/DES-CABANES-ET-DES-HOMMES-HOMMAGE-A-GEORGES-BUISAN-300x170.png 300w, https:\/\/carrefourdespatrimoines.fr\/wp-content\/uploads\/2026\/04\/DES-CABANES-ET-DES-HOMMES-HOMMAGE-A-GEORGES-BUISAN-370x210.png 370w, https:\/\/carrefourdespatrimoines.fr\/wp-content\/uploads\/2026\/04\/DES-CABANES-ET-DES-HOMMES-HOMMAGE-A-GEORGES-BUISAN-270x152.png 270w\" sizes=\"auto, (max-width: 767px) 100vw, 691px\" \/><\/p>\n<p style=\"text-align: center;\"><span style=\"color: #808080;\"><small>&#8220;<em>Des cabanes et des hommes, hommage \u00e0 Georges Buisan<\/em>&#8221; de Jean-Jacques CR\u00c9QUIGNE et Jean-Michel LETORT<\/small><\/span><\/p>\n<hr \/>\n<h3><span style=\"color: #e6b840;\">DIMANCHE 31 MAI<\/span><\/h3>\n<p><span style=\"color: #000000;\"><span style=\"color: #31495d;\"><strong>Rencontre<\/strong><\/span> avec les <span style=\"color: #31495d;\"><strong>chercheurs du CNRS<\/strong><\/span> de l&#8217;<span style=\"color: #31495d;\"><strong>Universit\u00e9 de Sienne<\/strong><\/span>.<\/span><\/p>\n<hr \/>\n<h3><span style=\"color: #e6b840;\">JEUDI 4 JUIN, 17h &amp; 20h30<\/span><\/h3>\n<p><span style=\"color: #000000;\"><span style=\"color: #31495d;\"><strong>Projections<\/strong><\/span> du <span style=\"color: #31495d;\"><strong>film<\/strong><\/span> amateur <span style=\"color: #31495d;\">&#8220;<em><strong>Des cabanes et des hommes, hommage \u00e0 Georges Buisan<\/strong><\/em>&#8220;<\/span> de <span style=\"color: #31495d;\"><strong>Jean-Jacques CR\u00c9QUIGNE<\/strong><\/span> et <span style=\"color: #31495d;\"><strong>Jean-Michel LETORT<\/strong><\/span>.<\/span><\/p>\n<p><span style=\"color: #ff0000;\"><strong>SUR R\u00c9SERVATION UNIQUEMENT<\/strong><\/span><\/p>\n<ul>\n<li><span style=\"color: #000000;\"><span style=\"color: #31495d;\"><strong><span class=\"icon-phone\">\u00a0 <\/span>Par t\u00e9l\u00e9phone<\/strong><\/span> au <span style=\"color: #31495d;\"><strong>05 62 91 72 81<\/strong><\/span>, aux horaires d&#8217;ouverture de l&#8217;accueil t\u00e9l\u00e9phonique, <span style=\"color: #31495d;\"><strong>du MARDI au VENDREDI, de 10h \u00e0 12h et de 15h \u00e0 18h<\/strong><\/span>.<\/span><\/li>\n<li><span style=\"color: #000000;\"><span style=\"color: #31495d;\"><strong><span class=\"icon-user-alt\">\u00a0 <\/span>Ou directement \u00e0 l&#8217;accueil du mus\u00e9e<\/strong><\/span>, aux horaires d&#8217;ouverture du mus\u00e9e.<\/span><\/li>\n<\/ul>\n<p>&nbsp;<\/p>\n<p><strong><span style=\"color: #ff0000;\">Merci de consulter r\u00e9guli\u00e8rement cette page pour v\u00e9rifier les places disponibles.<\/span><\/strong><\/p>\n<h4><span style=\"color: #31495d;\"><strong><span class=\"icon-tickets\">\u00a0 <\/span>S\u00c9ANCE du 04\/06, 17h00 : <span style=\"color: #008000;\">40 places disponibles<\/span><\/strong><\/span><\/h4>\n<h4><span style=\"color: #31495d;\"><strong><span class=\"icon-tickets\">\u00a0 <\/span>S\u00c9ANCE du 04\/06, 20h30 : <span style=\"color: #008000;\">38 places disponibles<\/span><\/strong><\/span><\/h4>\n<pre><span style=\"color: #000000;\">(derni\u00e8re mise \u00e0 jour : 30\/04 18:00)<\/span><\/pre>\n<p><span style=\"color: #31495d;\"><strong>Tarifs : Participation libre sur place, le jour m\u00eame<\/strong>.<\/span><\/p>\n<p><img loading=\"lazy\" decoding=\"async\" class=\"aligncenter wp-image-6789 size-full\" src=\"https:\/\/carrefourdespatrimoines.fr\/wp-content\/uploads\/2026\/04\/DES-CABANES-ET-DES-HOMMES-HOMMAGE-A-GEORGES-BUISAN.png\" alt=\"\" width=\"691\" height=\"392\" srcset=\"https:\/\/carrefourdespatrimoines.fr\/wp-content\/uploads\/2026\/04\/DES-CABANES-ET-DES-HOMMES-HOMMAGE-A-GEORGES-BUISAN.png 691w, https:\/\/carrefourdespatrimoines.fr\/wp-content\/uploads\/2026\/04\/DES-CABANES-ET-DES-HOMMES-HOMMAGE-A-GEORGES-BUISAN-300x170.png 300w, https:\/\/carrefourdespatrimoines.fr\/wp-content\/uploads\/2026\/04\/DES-CABANES-ET-DES-HOMMES-HOMMAGE-A-GEORGES-BUISAN-370x210.png 370w, https:\/\/carrefourdespatrimoines.fr\/wp-content\/uploads\/2026\/04\/DES-CABANES-ET-DES-HOMMES-HOMMAGE-A-GEORGES-BUISAN-270x152.png 270w\" sizes=\"auto, (max-width: 767px) 100vw, 691px\" \/><\/p>\n<p style=\"text-align: center;\"><span style=\"color: #808080;\"><small>&#8220;<em>Des cabanes et des hommes, hommage \u00e0 Georges Buisan<\/em>&#8221; de Jean-Jacques CR\u00c9QUIGNE et Jean-Michel LETORT<\/small><\/span><\/p>\n<hr \/>\n<h3><span style=\"color: #e6b840;\">DIMANCHE 7 JUIN<\/span><\/h3>\n<p><span style=\"color: #000000;\"><span style=\"color: #31495d;\"><strong>D\u00e9dicace<\/strong> <\/span>du <span style=\"color: #31495d;\"><strong>nouveau livre<\/strong><\/span>\u00a0d&#8217;<span style=\"color: #31495d;\"><strong>Antoine BROSSE <\/strong><span style=\"color: #000000;\">:<\/span> <span style=\"color: #ff6600;\"><strong><em>Cabanes d&#8217;en haut &amp; m\u00e9moire d&#8217;estives<\/em><\/strong><\/span><\/span>.<\/span><\/p>\n<p style=\"text-align: center;\"><img loading=\"lazy\" decoding=\"async\" class=\"aligncenter wp-image-6786\" src=\"https:\/\/carrefourdespatrimoines.fr\/wp-content\/uploads\/2026\/04\/Couverture-Cabanes-den-haut-Antoine-Brosse-300x295.png\" alt=\"\" width=\"350\" height=\"344\" srcset=\"https:\/\/carrefourdespatrimoines.fr\/wp-content\/uploads\/2026\/04\/Couverture-Cabanes-den-haut-Antoine-Brosse-300x295.png 300w, https:\/\/carrefourdespatrimoines.fr\/wp-content\/uploads\/2026\/04\/Couverture-Cabanes-den-haut-Antoine-Brosse.png 1660w\" sizes=\"auto, (max-width: 767px) 100vw, 350px\" \/> <span style=\"color: #808080;\"><small>Nouveau livre d&#8217;Antoine BROSSE : <em>Cabanes d&#8217;en haut &amp; m\u00e9moire d&#8217;estives<\/em><\/small><\/span><\/p>\n<p><span style=\"color: #31495d;\"><span style=\"color: #000000;\">\u00c0 d\u00e9couvrir \u00e9galement, le<\/span> <strong>site Internet d&#8217;Antoine BROSSE &#8211; Ze\u00fbgma Editions<\/strong><\/span>\u00a0: <span style=\"color: #ff6600;\"><a style=\"color: #ff6600;\" href=\"https:\/\/www.antoine-bross.com\/\"><strong>www.antoine-bross.com<\/strong><\/a><\/span><\/p>\n<hr \/>\n<h2 style=\"text-align: center;\"><span style=\"color: #e6b840;\"><strong>INFORMATIONS PRATIQUES<\/strong><\/span><\/h2>\n<p><span style=\"color: #000000;\"><span style=\"color: #31495d;\"><span class=\"icon-maps-and-flags\">\u00a0 <\/span><strong>Adresse du Carrefour des Patrimoines &#8211; Mus\u00e9e de Campan<\/strong><\/span> : <span style=\"color: #008080;\"><a style=\"color: #008080;\" href=\"https:\/\/maps.app.goo.gl\/58Y9Cy32H8kdde8QA\" target=\"_blank\" rel=\"noopener\"><strong>40 Rue du G\u00e9n\u00e9ral Leclerc 65710 CAMPAN<\/strong><\/a><\/span><\/span><\/p>\n<h5><span style=\"color: #e6b840;\"><span class=\"icon-clock-empty\">\u00a0 <\/span><strong>Horaires d&#8217;ouverture<\/strong><\/span><\/h5>\n<ul class=\"custom_links_list\">\n<li class=\"custom_links_list_item\"><span style=\"color: #000000;\"><span class=\"custom_links_list_item_title\"><strong>De fin septembre \u00e0 mi-mai<\/strong>: <\/span><span class=\"custom_links_list_item_description\">Ouvert <strong>du MARDI au VENDREDI<\/strong> de <strong>10h &#8211; 12h<\/strong>\u00a0et de <strong>14h &#8211; 18h<\/strong>. Ferm\u00e9 le samedi, dimanche et lundi.<\/span><\/span><\/li>\n<li class=\"custom_links_list_item\"><span style=\"color: #000000;\"><span class=\"custom_links_list_item_title\"><strong>P\u00e9riode estivale (mi-mai, juin, juillet, ao\u00fbt, septembre)<\/strong>: <\/span><span class=\"custom_links_list_item_description\">Ouvert <strong>du DIMANCHE au VENDREDI<\/strong> de <strong>10h<\/strong>\u00a0&#8211; <strong>12h<\/strong>\u00a0et de <strong>15h<\/strong>\u00a0&#8211; <strong>19h<\/strong>. Ferm\u00e9 le samedi, sauf exceptionnellement le samedi 23 mai 2026, 15h.<\/span><\/span><\/li>\n<li class=\"custom_links_list_item\"><span style=\"color: #000000;\"><strong><span class=\"custom_links_list_item_title\">Fermeture exceptionnelle ou annuelle: <\/span><\/strong><span class=\"custom_links_list_item_description\">Nous mettons r\u00e9guli\u00e8rement \u00e0 jour ces informations sur <strong><span style=\"color: #008080;\"><a style=\"color: #008080;\" href=\"https:\/\/share.google\/BebGYbMld1bo22rEV\" target=\"_blank\" rel=\"noopener\">notre page Google<\/a><\/span><\/strong><\/span><\/span><\/li>\n<\/ul>\n<h2 style=\"text-align: center;\"><span style=\"color: #e6b840;\"><strong>RENSEIGNEMENTS<\/strong><\/span><\/h2>\n<p><span style=\"color: #000000;\"><span style=\"color: #31495d;\"><strong><span class=\"icon-phone\">\u00a0 <\/span>05 62 91 72 81<\/strong><\/span> (aux horaires d&#8217;ouverture de l&#8217;accueil, <span style=\"color: #31495d;\"><strong>du MARDI au VENDREDI, de 10h \u00e0 12h et de 15h \u00e0 18h<\/strong><\/span>).<\/span><\/p>\n<p><span style=\"color: #31495d;\"><span class=\"icon-mail-light\">\u00a0 <\/span><strong>contact@carrefourdespatrimoines.fr<\/strong><\/span><\/p>\n<p>&nbsp;<\/p>\n<p><span style=\"color: #000000;\">Pour d\u00e9couvrir les prochains \u00e9v\u00e8nements et temps forts de l\u2019association la\u00a0<span style=\"color: #31495d;\"><strong>Soci\u00e9t\u00e9 des Amis de Madame Campan<\/strong><\/span>\u00a0et du\u00a0<span style=\"color: #31495d;\"><strong>Carrefour des Patrimoines \u2013 Mus\u00e9e de Campan<\/strong><\/span>, n\u2019h\u00e9sitez pas \u00e0 consulter notre\u00a0<span style=\"color: #008080;\"><strong><a style=\"color: #008080;\" href=\"https:\/\/carrefourdespatrimoines.fr\/\" target=\"_blank\" rel=\"noopener\">site Internet\u00a0<span class=\"icon-wordpress\">\u00a0<\/span><\/a><\/strong><\/span>, ainsi que nos pages\u00a0<span style=\"color: #008080;\"><strong><a style=\"color: #008080;\" href=\"https:\/\/www.facebook.com\/carrefour.patrimoines?locale=fr_FR\" target=\"_blank\" rel=\"noopener\">Facebook\u00a0<span class=\"icon-iconmonstr-facebook\">\u00a0<\/span><\/a>\u00a0<\/strong><\/span>et\u00a0<span style=\"color: #008080;\"><strong><a style=\"color: #008080;\" href=\"https:\/\/www.instagram.com\/carrefour_des_patrimoines\/\" target=\"_blank\" rel=\"noopener\">Instagram\u00a0<span class=\"icon-iconmonstr-instagram\">\u00a0<\/span><\/a><\/strong><\/span>. Les \u00e9v\u00e9nements sont \u00e9galement relay\u00e9s sur l&#8217;application <span style=\"color: #008080;\"><a style=\"color: #008080;\" href=\"https:\/\/app.panneaupocket.com\/ville\/1790231559-campan-65710\"><b>PanneauPocket de la Mairie de Campan<\/b><\/a><\/span>.<\/span><\/p>\n<p><img loading=\"lazy\" decoding=\"async\" class=\"aligncenter size-large wp-image-6787\" src=\"https:\/\/carrefourdespatrimoines.fr\/wp-content\/uploads\/2026\/04\/Affiche-Cabanes-destives-courtaous-et-enclos-CAMPAN-Musee-Carrefour-des-Patrimoines-724x1024.png\" alt=\"\" width=\"724\" height=\"1024\" srcset=\"https:\/\/carrefourdespatrimoines.fr\/wp-content\/uploads\/2026\/04\/Affiche-Cabanes-destives-courtaous-et-enclos-CAMPAN-Musee-Carrefour-des-Patrimoines-724x1024.png 724w, https:\/\/carrefourdespatrimoines.fr\/wp-content\/uploads\/2026\/04\/Affiche-Cabanes-destives-courtaous-et-enclos-CAMPAN-Musee-Carrefour-des-Patrimoines-212x300.png 212w, https:\/\/carrefourdespatrimoines.fr\/wp-content\/uploads\/2026\/04\/Affiche-Cabanes-destives-courtaous-et-enclos-CAMPAN-Musee-Carrefour-des-Patrimoines-768x1086.png 768w, https:\/\/carrefourdespatrimoines.fr\/wp-content\/uploads\/2026\/04\/Affiche-Cabanes-destives-courtaous-et-enclos-CAMPAN-Musee-Carrefour-des-Patrimoines-1086x1536.png 1086w, https:\/\/carrefourdespatrimoines.fr\/wp-content\/uploads\/2026\/04\/Affiche-Cabanes-destives-courtaous-et-enclos-CAMPAN-Musee-Carrefour-des-Patrimoines-1448x2048.png 1448w, https:\/\/carrefourdespatrimoines.fr\/wp-content\/uploads\/2026\/04\/Affiche-Cabanes-destives-courtaous-et-enclos-CAMPAN-Musee-Carrefour-des-Patrimoines-370x523.png 370w, https:\/\/carrefourdespatrimoines.fr\/wp-content\/uploads\/2026\/04\/Affiche-Cabanes-destives-courtaous-et-enclos-CAMPAN-Musee-Carrefour-des-Patrimoines-760x1075.png 760w, https:\/\/carrefourdespatrimoines.fr\/wp-content\/uploads\/2026\/04\/Affiche-Cabanes-destives-courtaous-et-enclos-CAMPAN-Musee-Carrefour-des-Patrimoines.png 1587w\" sizes=\"auto, (max-width: 767px) 100vw, 724px\" \/><\/p>\n<p>&nbsp;<\/p>\n<p style=\"text-align: center;\"><span style=\"color: #808080;\"><small>Photographie utilis\u00e9e pour le bandeau et l\u2019affiche : \u00a9 <em>Cabane du Courbet<\/em>, issue du livre \u201c<em>Cabanes d&#8217;en haut &amp; m\u00e9moire d&#8217;estives\u201d,<\/em> du photographe Antoine BROSSE<\/small><\/span><\/p>\n<p style=\"text-align: center;\"><span style=\"color: #808080;\"><small>Affiche r\u00e9alis\u00e9e sans recours \u00e0 l\u2019intelligence artificielle.<\/small><\/span><\/p>","excerpt":"","slug":"cabanes-destives-courtaous-et-enclos","image":{"url":"https:\/\/carrefourdespatrimoines.fr\/wp-content\/uploads\/2026\/04\/Bandeau-Cabanes-destives-courtaous-et-enclos.png","id":6757,"extension":"png","width":1587,"height":931,"filesize":1591945,"sizes":{"medium":{"width":300,"height":176,"mime-type":"image\/png","filesize":25268,"url":"https:\/\/carrefourdespatrimoines.fr\/wp-content\/uploads\/2026\/04\/Bandeau-Cabanes-destives-courtaous-et-enclos-300x176.png"},"large":{"width":1024,"height":601,"mime-type":"image\/png","filesize":263342,"url":"https:\/\/carrefourdespatrimoines.fr\/wp-content\/uploads\/2026\/04\/Bandeau-Cabanes-destives-courtaous-et-enclos-1024x601.png"},"thumbnail":{"width":150,"height":150,"mime-type":"image\/png","filesize":11655,"url":"https:\/\/carrefourdespatrimoines.fr\/wp-content\/uploads\/2026\/04\/Bandeau-Cabanes-destives-courtaous-et-enclos-150x150.png"},"medium_large":{"width":768,"height":451,"mime-type":"image\/png","filesize":151989,"url":"https:\/\/carrefourdespatrimoines.fr\/wp-content\/uploads\/2026\/04\/Bandeau-Cabanes-destives-courtaous-et-enclos-768x451.png"},"1536x1536":{"width":1536,"height":901,"mime-type":"image\/png","filesize":561169,"url":"https:\/\/carrefourdespatrimoines.fr\/wp-content\/uploads\/2026\/04\/Bandeau-Cabanes-destives-courtaous-et-enclos-1536x901.png"},"post-thumbnail":{"width":370,"height":217,"mime-type":"image\/png","filesize":37151,"url":"https:\/\/carrefourdespatrimoines.fr\/wp-content\/uploads\/2026\/04\/Bandeau-Cabanes-destives-courtaous-et-enclos-370x217.png"},"confix-thumb-huge":{"width":1170,"height":658,"mime-type":"image\/png","filesize":325859,"url":"https:\/\/carrefourdespatrimoines.fr\/wp-content\/uploads\/2026\/04\/Bandeau-Cabanes-destives-courtaous-et-enclos-1170x658.png"},"confix-thumb-big":{"width":780,"height":480,"mime-type":"image\/png","filesize":163811,"url":"https:\/\/carrefourdespatrimoines.fr\/wp-content\/uploads\/2026\/04\/Bandeau-Cabanes-destives-courtaous-et-enclos-780x480.png"},"confix-thumb-med":{"width":370,"height":208,"mime-type":"image\/png","filesize":35169,"url":"https:\/\/carrefourdespatrimoines.fr\/wp-content\/uploads\/2026\/04\/Bandeau-Cabanes-destives-courtaous-et-enclos-370x208.png"},"confix-thumb-extra":{"width":380,"height":420,"mime-type":"image\/png","filesize":72839,"url":"https:\/\/carrefourdespatrimoines.fr\/wp-content\/uploads\/2026\/04\/Bandeau-Cabanes-destives-courtaous-et-enclos-380x420.png"},"confix-thumb-team":{"width":520,"height":390,"mime-type":"image\/png","filesize":91226,"url":"https:\/\/carrefourdespatrimoines.fr\/wp-content\/uploads\/2026\/04\/Bandeau-Cabanes-destives-courtaous-et-enclos-520x390.png"},"confix-thumb-list":{"width":285,"height":145,"mime-type":"image\/png","filesize":20279,"url":"https:\/\/carrefourdespatrimoines.fr\/wp-content\/uploads\/2026\/04\/Bandeau-Cabanes-destives-courtaous-et-enclos-285x145.png"},"confix-thumb-tiny":{"width":90,"height":90,"mime-type":"image\/png","filesize":4454,"url":"https:\/\/carrefourdespatrimoines.fr\/wp-content\/uploads\/2026\/04\/Bandeau-Cabanes-destives-courtaous-et-enclos-90x90.png"},"confix-thumb-masonry-big":{"width":760,"height":446,"mime-type":"image\/png","filesize":148455,"url":"https:\/\/carrefourdespatrimoines.fr\/wp-content\/uploads\/2026\/04\/Bandeau-Cabanes-destives-courtaous-et-enclos-760x446.png"},"confix-thumb-masonry":{"width":370,"height":217,"mime-type":"image\/png","filesize":37151,"url":"https:\/\/carrefourdespatrimoines.fr\/wp-content\/uploads\/2026\/04\/Bandeau-Cabanes-destives-courtaous-et-enclos-370x217.png"},"trx_addons-thumb-small":{"width":270,"height":152,"mime-type":"image\/png","filesize":19684,"url":"https:\/\/carrefourdespatrimoines.fr\/wp-content\/uploads\/2026\/04\/Bandeau-Cabanes-destives-courtaous-et-enclos-270x152.png"},"trx_addons-thumb-portrait":{"width":370,"height":493,"mime-type":"image\/png","filesize":80287,"url":"https:\/\/carrefourdespatrimoines.fr\/wp-content\/uploads\/2026\/04\/Bandeau-Cabanes-destives-courtaous-et-enclos-370x493.png"},"trx_addons-thumb-avatar":{"width":370,"height":370,"mime-type":"image\/png","filesize":63213,"url":"https:\/\/carrefourdespatrimoines.fr\/wp-content\/uploads\/2026\/04\/Bandeau-Cabanes-destives-courtaous-et-enclos-370x370.png"}}},"all_day":true,"start_date":"2026-05-23 00:00:00","start_date_details":{"year":"2026","month":"05","day":"23","hour":"00","minutes":"00","seconds":"00"},"end_date":"2026-06-07 23:59:59","end_date_details":{"year":"2026","month":"06","day":"07","hour":"23","minutes":"59","seconds":"59"},"utc_start_date":"2026-05-22 22:00:00","utc_start_date_details":{"year":"2026","month":"05","day":"22","hour":"22","minutes":"00","seconds":"00"},"utc_end_date":"2026-06-07 21:59:59","utc_end_date_details":{"year":"2026","month":"06","day":"07","hour":"21","minutes":"59","seconds":"59"},"timezone":"Europe\/Paris","timezone_abbr":"CEST","cost":"","cost_details":{"currency_symbol":"","currency_code":"","currency_position":"suffix","values":[]},"website":"","show_map":true,"show_map_link":true,"hide_from_listings":false,"sticky":true,"featured":true,"categories":[{"name":"2026","slug":"2026","term_group":0,"term_taxonomy_id":133,"taxonomy":"tribe_events_cat","description":"","parent":0,"count":7,"filter":"raw","id":133,"urls":{"self":"https:\/\/carrefourdespatrimoines.fr\/index.php?rest_route=\/tribe\/events\/v1\/categories\/133","collection":"https:\/\/carrefourdespatrimoines.fr\/index.php?rest_route=\/tribe\/events\/v1\/categories"}},{"name":"a-venir","slug":"a-venir","term_group":0,"term_taxonomy_id":35,"taxonomy":"tribe_events_cat","description":"","parent":0,"count":26,"filter":"raw","id":35,"urls":{"self":"https:\/\/carrefourdespatrimoines.fr\/index.php?rest_route=\/tribe\/events\/v1\/categories\/35","collection":"https:\/\/carrefourdespatrimoines.fr\/index.php?rest_route=\/tribe\/events\/v1\/categories"}},{"name":"actualit\u00e9s","slug":"actualites","term_group":0,"term_taxonomy_id":120,"taxonomy":"tribe_events_cat","description":"","parent":0,"count":36,"filter":"raw","id":120,"urls":{"self":"https:\/\/carrefourdespatrimoines.fr\/index.php?rest_route=\/tribe\/events\/v1\/categories\/120","collection":"https:\/\/carrefourdespatrimoines.fr\/index.php?rest_route=\/tribe\/events\/v1\/categories"}}],"tags":[],"venue":[],"organizer":[]},{"id":6658,"global_id":"carrefourdespatrimoines.fr?id=6658","global_id_lineage":["carrefourdespatrimoines.fr?id=6658"],"author":"1","status":"publish","date":"2026-02-10 15:34:07","date_utc":"2026-02-10 14:34:07","modified":"2026-04-03 12:15:50","modified_utc":"2026-04-03 10:15:50","url":"https:\/\/carrefourdespatrimoines.fr\/?tribe_events=demonstrations-et-stages-daquarelles-2026","rest_url":"https:\/\/carrefourdespatrimoines.fr\/index.php?rest_route=\/tribe\/events\/v1\/events\/6658","title":"D\u00e9monstrations et stages d&#8217;aquarelles 2026","description":"<h1><\/h1>\n<h1><span style=\"color: #e6b840;\"><strong>D\u00e9monstrations et stages d&#8217;aquarelles 2026<\/strong><\/span><\/h1>\n<p><span style=\"color: #000000;\">\u00c0 l&#8217;occasion de la <span style=\"color: #008080;\"><a style=\"color: #008080;\" href=\"https:\/\/carrefourdespatrimoines.fr\/?tribe_events=ouverture-des-inscriptions-concours-et-exposition-daquarelles-2026\" target=\"_blank\" rel=\"noopener\"><strong>28\u00e8me \u00e9dition du concours et exposition d&#8217;aquarelles de Campan<\/strong><\/a><\/span>,<\/span><\/p>\n<p><span style=\"color: #000000;\">qui aura lieu <span style=\"color: #31495d;\"><strong>du 10 au 25 juillet<\/strong><\/span> \u00e0 la <span style=\"color: #31495d;\"><strong>Salle des f\u00eates de Sainte-Marie-de-Campan<\/strong><\/span> (<span style=\"color: #008080;\"><a style=\"color: #008080;\" href=\"https:\/\/maps.app.goo.gl\/g18CecDzHq94YLXw5\" target=\"_blank\" rel=\"noopener\">65710 CAMPAN<\/a><\/span>),<\/span><\/p>\n<p><span style=\"color: #000000;\">des <span style=\"color: #31495d;\"><strong>d\u00e9monstrations<\/strong><\/span> et<span style=\"color: #31495d;\"><strong> stages d&#8217;aquarelles<\/strong><\/span> seront propos\u00e9s :<\/span><\/p>\n<hr \/>\n<h3><span style=\"color: #e6b840;\"><strong><span style=\"color: #e6b840;\"><span class=\"icon-brush\">\u00a0 <\/span><\/span>Du samedi 11 au lundi 13 juillet 2026<\/strong><\/span><\/h3>\n<h4><span style=\"color: #31495d;\"><strong>Stage <em>Carnet de voyage<\/em> avec Murielle Seys<\/strong><\/span><\/h4>\n<p><span style=\"color: #000000;\">Renseignements,<\/span><span style=\"color: #000000;\"> programme et <span style=\"color: #31495d;\"><strong>inscription<\/strong><\/span> :<\/span><\/p>\n<p><span style=\"color: #31495d;\"><strong>murielle.seys@gmail.com<\/strong><\/span><\/p>\n<p><span style=\"color: #31495d;\"><strong>+33(0)6.12.28.08.26<\/strong><\/span><\/p>\n<p><span style=\"color: #000000;\"><strong><em><img loading=\"lazy\" decoding=\"async\" class=\"alignnone wp-image-6717\" src=\"https:\/\/carrefourdespatrimoines.fr\/wp-content\/uploads\/2026\/02\/Stage_CarnetVoyage_Campan_2026_juillet-1-1024x575.jpeg\" alt=\"\" width=\"700\" height=\"393\" srcset=\"https:\/\/carrefourdespatrimoines.fr\/wp-content\/uploads\/2026\/02\/Stage_CarnetVoyage_Campan_2026_juillet-1-1024x575.jpeg 1024w, https:\/\/carrefourdespatrimoines.fr\/wp-content\/uploads\/2026\/02\/Stage_CarnetVoyage_Campan_2026_juillet-1-300x169.jpeg 300w, https:\/\/carrefourdespatrimoines.fr\/wp-content\/uploads\/2026\/02\/Stage_CarnetVoyage_Campan_2026_juillet-1-768x431.jpeg 768w, https:\/\/carrefourdespatrimoines.fr\/wp-content\/uploads\/2026\/02\/Stage_CarnetVoyage_Campan_2026_juillet-1-1536x863.jpeg 1536w, https:\/\/carrefourdespatrimoines.fr\/wp-content\/uploads\/2026\/02\/Stage_CarnetVoyage_Campan_2026_juillet-1-2048x1150.jpeg 2048w, https:\/\/carrefourdespatrimoines.fr\/wp-content\/uploads\/2026\/02\/Stage_CarnetVoyage_Campan_2026_juillet-1-370x208.jpeg 370w, https:\/\/carrefourdespatrimoines.fr\/wp-content\/uploads\/2026\/02\/Stage_CarnetVoyage_Campan_2026_juillet-1-1170x658.jpeg 1170w, https:\/\/carrefourdespatrimoines.fr\/wp-content\/uploads\/2026\/02\/Stage_CarnetVoyage_Campan_2026_juillet-1-760x427.jpeg 760w, https:\/\/carrefourdespatrimoines.fr\/wp-content\/uploads\/2026\/02\/Stage_CarnetVoyage_Campan_2026_juillet-1-270x152.jpeg 270w\" sizes=\"auto, (max-width: 767px) 100vw, 700px\" \/><\/em><\/strong><\/span><\/p>\n<hr \/>\n<h3><span style=\"color: #e6b840;\"><strong><span class=\"icon-brush\">\u00a0 <\/span>Dimanche 12 juillet 2026, \u00e0 partir de 10h<\/strong><\/span><\/h3>\n<h4><span style=\"color: #31495d;\"><strong>D\u00e9monstration<\/strong> <em><strong>Portrait \u00e0 l&#8217;aquarelle<\/strong><\/em> avec E<strong>th de Melaou<\/strong><\/span><\/h4>\n<p><span style=\"color: #000000;\">au <span style=\"color: #31495d;\"><strong>Carrefour des Patrimoines &#8211; Mus\u00e9e de Campan<\/strong><\/span> :\u00a0<span style=\"color: #008080;\"><a style=\"color: #008080;\" href=\"https:\/\/maps.app.goo.gl\/udcDCXpAq6PNDTEg9\" target=\"_blank\" rel=\"noopener\">40 Rue du G\u00e9n\u00e9ral Leclerc 65710 CAMPAN<\/a><\/span><\/span><\/p>\n<p><span style=\"color: #000000;\">Entr\u00e9e libre<\/span><\/p>\n<p><span style=\"color: #000000;\">La d\u00e9monstration sera film\u00e9e en temps r\u00e9el et projet\u00e9e sur grand \u00e9cran.<\/span><\/p>\n<p><span style=\"color: #000000;\">Site Internet de l&#8217;artiste : <span style=\"color: #008080;\"><a style=\"color: #008080;\" href=\"https:\/\/eth-de-melaou.odexpo.com\" target=\"_blank\" rel=\"noopener\">https:\/\/eth-de-melaou.odexpo.com<\/a><\/span><\/span><\/p>\n<hr \/>\n<h3><span style=\"color: #e6b840;\"><strong><span class=\"icon-brush\">\u00a0 <\/span>Mercredi 15 et jeudi 16 juillet 2026, de 9h30 \u00e0 17h30<\/strong><\/span><\/h3>\n<h4><strong><span style=\"color: #31495d;\">Stage <em>Portraits et personnages \u00e0 l&#8217;aquarelle<\/em> avec Eth de Melaou<\/span><\/strong><\/h4>\n<p><span style=\"color: #000000;\">\u00e0 la <strong><span style=\"color: #31495d;\">Maison des associations de Galade (ancienne \u00e9cole de Galade)<\/span><\/strong> :\u00a0<span style=\"color: #008080;\"><a style=\"color: #008080;\" href=\"https:\/\/www.google.com\/maps\/place\/1957+Rte+des+Deux+Cols,+65710+Campan\/@42.9992805,0.1976125,17z\/data=!3m1!4b1!4m6!3m5!1s0x12a83a420dfd6caf:0x71e4fe57961ba92a!8m2!3d42.9992766!4d0.2001846!16s%2Fg%2F11txj0z35s?authuser=0&amp;entry=tts&amp;g_ep=EgoyMDI1MDYxMS4wIPu8ASoASAFQAw%3D%3D&amp;skid=e6b396a4-a944-4e9c-aac1-14fb606c5083\">1957 Route des Deux Cols 65710 Campan<\/a><\/span><\/span><\/p>\n<p><span style=\"color: #000000;\">Renseignements, programme et <span style=\"color: #31495d;\"><strong>inscription<\/strong><\/span> en cliquant sur ce lien : <span style=\"color: #008080;\"><strong><a style=\"color: #008080;\" href=\"https:\/\/carrefourdespatrimoines.fr\/wp-content\/uploads\/2026\/02\/Stage-eth-de-Melaou-portraits-et-personnages-15-et-16-juillet-2026-Campan.pdf\" target=\"_blank\" rel=\"noopener\">Stage eth de Melaou portraits et personnages 15 et 16 juillet 2026 Campan<\/a><\/strong><\/span><\/span><\/p>\n<p><img loading=\"lazy\" decoding=\"async\" class=\"wp-image-6752 alignnone\" src=\"https:\/\/carrefourdespatrimoines.fr\/wp-content\/uploads\/2026\/02\/pub-stage-campan-1024x724.jpg\" alt=\"\" width=\"807\" height=\"570\" srcset=\"https:\/\/carrefourdespatrimoines.fr\/wp-content\/uploads\/2026\/02\/pub-stage-campan-1024x724.jpg 1024w, https:\/\/carrefourdespatrimoines.fr\/wp-content\/uploads\/2026\/02\/pub-stage-campan-300x212.jpg 300w, https:\/\/carrefourdespatrimoines.fr\/wp-content\/uploads\/2026\/02\/pub-stage-campan-768x543.jpg 768w, https:\/\/carrefourdespatrimoines.fr\/wp-content\/uploads\/2026\/02\/pub-stage-campan-1536x1086.jpg 1536w, https:\/\/carrefourdespatrimoines.fr\/wp-content\/uploads\/2026\/02\/pub-stage-campan-2048x1448.jpg 2048w, https:\/\/carrefourdespatrimoines.fr\/wp-content\/uploads\/2026\/02\/pub-stage-campan-370x262.jpg 370w, https:\/\/carrefourdespatrimoines.fr\/wp-content\/uploads\/2026\/02\/pub-stage-campan-760x537.jpg 760w\" sizes=\"auto, (max-width: 807px) 100vw, 807px\" \/><\/p>\n<hr \/>\n<h3><span style=\"color: #e6b840;\">Informations pratiques<\/span><\/h3>\n<p><strong><span style=\"color: #31495d;\"><span style=\"color: #008080;\"><span class=\"icon-dish\">\u00a0<\/span><\/span>Liste des h\u00e9bergements\u00a0sur le\u00a0<span style=\"color: #008080;\"><a style=\"color: #008080;\" href=\"https:\/\/www.tourmaletpicdumidi.com\/pratique\/hebergements\/\" target=\"_blank\" rel=\"noopener\">site de l&#8217;Office de Tourisme Tourmalet Pic du Midi<\/a><\/span><\/span><\/strong><\/p>\n<p><span style=\"color: #000000;\"><span style=\"color: #008080;\"><span class=\"icon-maps-and-flags\">\u00a0<\/span><\/span>Adresse du <span style=\"color: #31495d;\"><strong>Carrefour des Patrimoines &#8211; Mus\u00e9e de Campan<\/strong><\/span> :<strong><span style=\"color: #008080;\">\u00a0<a style=\"color: #008080;\" href=\"https:\/\/maps.app.goo.gl\/udcDCXpAq6PNDTEg9\" target=\"_blank\" rel=\"noopener\">40 Rue du G\u00e9n\u00e9ral Leclerc 65710 CAMPAN<\/a><\/span><\/strong><\/span><\/p>\n<p><span style=\"color: #000000;\"><span style=\"color: #008080;\"><span class=\"icon-maps-and-flags\">\u00a0<\/span><\/span>Adresse de la <strong><span style=\"color: #31495d;\">Maison des associations de Galade (ancienne \u00e9cole de Galade)<\/span><\/strong> :\u00a0<strong><span style=\"color: #008080;\"><a style=\"color: #008080;\" href=\"https:\/\/www.google.com\/maps\/place\/1957+Rte+des+Deux+Cols,+65710+Campan\/@42.9992805,0.1976125,17z\/data=!3m1!4b1!4m6!3m5!1s0x12a83a420dfd6caf:0x71e4fe57961ba92a!8m2!3d42.9992766!4d0.2001846!16s%2Fg%2F11txj0z35s?authuser=0&amp;entry=tts&amp;g_ep=EgoyMDI1MDYxMS4wIPu8ASoASAFQAw%3D%3D&amp;skid=e6b396a4-a944-4e9c-aac1-14fb606c5083\" target=\"_blank\" rel=\"noopener\">1957 Route des Deux Cols 65710 Campan<\/a><\/span><\/strong><\/span><\/p>\n<p><span style=\"color: #008080;\"><span class=\"icon-maps-and-flags\">\u00a0<\/span><\/span><span style=\"color: #000000;\">Adresse de la <\/span><span style=\"color: #31495d;\"><strong>Salle des F\u00eates de Sainte-Marie-de-Campan<\/strong><\/span> : <span style=\"color: #008080;\"><strong><a style=\"color: #008080;\" href=\"https:\/\/maps.app.goo.gl\/g18CecDzHq94YLXw5\" target=\"_blank\" rel=\"noopener\">65710 CAMPAN<\/a><\/strong><\/span><\/p>\n<h3><\/h3>\n<h3><span style=\"color: #e6b840;\">Vous \u00eates aquarelliste amateur ou confirm\u00e9<\/span><\/h3>\n<h4><span style=\"color: #31495d;\">Les inscriptions pour l&#8217;\u00e9dition 2026 du concours et exposition d&#8217;aquarelles de Campan sont ouvertes jusqu&#8217;au dimanche 21 juin !<\/span><\/h4>\n<p>Renseignements en cliquant sur ce lien : <span style=\"color: #008080;\"><strong><a style=\"color: #008080;\" href=\"https:\/\/carrefourdespatrimoines.fr\/?tribe_events=ouverture-des-inscriptions-concours-et-exposition-daquarelles-2026\">Ouverture des inscriptions &#8211; Concours et exposition d&#8217;aquarelles de Campan 2026<\/a><\/strong><\/span><\/p>\n<p><span style=\"color: #000000;\">Si vous souhaitez \u00eatre inform\u00e9 par courriel de nos prochaines \u00e9ditions du <span style=\"color: #31495d;\"><strong>concours et exposition d&#8217;aquarelles de Campan<\/strong><\/span>, <\/span><span style=\"color: #000000;\">vous pouvez nous \u00e9crire \u00e0 l&#8217;adresse suivante : <span style=\"color: #31495d;\"><strong>amis.madame.campan@gmail.com<\/strong><\/span><\/span><\/p>\n<p>&nbsp;<\/p>\n<p><span style=\"color: #000000;\">Pour d\u00e9couvrir les prochains \u00e9v\u00e8nements et temps forts de l&#8217;association la <span style=\"color: #31495d;\"><strong>Soci\u00e9t\u00e9 des Amis de Madame Campan<\/strong><\/span> et du <strong><span style=\"color: #31495d;\">Carrefour des Patrimoines &#8211; Mus\u00e9e de Campan<\/span><\/strong>, n\u2019h\u00e9sitez pas \u00e0 consulter notre <span style=\"color: #008080;\"><strong><a style=\"color: #008080;\" href=\"https:\/\/carrefourdespatrimoines.fr\/\" target=\"_blank\" rel=\"noopener\">site Internet\u00a0<span class=\"icon-wordpress\">\u00a0<\/span><\/a><\/strong><\/span>, ainsi que nos pages\u00a0<strong><span style=\"color: #008080;\"><a style=\"color: #008080;\" href=\"https:\/\/www.facebook.com\/carrefour.patrimoines?locale=fr_FR\" target=\"_blank\" rel=\"noopener\">Facebook\u00a0<span class=\"icon-iconmonstr-facebook\">\u00a0<\/span><\/a><\/span>\u00a0<\/strong>et\u00a0<span style=\"color: #008080;\"><strong><a style=\"color: #008080;\" href=\"https:\/\/www.instagram.com\/carrefour_des_patrimoines\/\" target=\"_blank\" rel=\"noopener\">Instagram\u00a0<span class=\"icon-iconmonstr-instagram\">\u00a0<\/span><\/a><\/strong><\/span>.<\/span><\/p>\n<p>&nbsp;<\/p>\n<p><img loading=\"lazy\" decoding=\"async\" class=\"aligncenter size-large wp-image-6749\" src=\"https:\/\/carrefourdespatrimoines.fr\/wp-content\/uploads\/2026\/02\/Affiche-demonstration-et-stages-724x1024.png\" alt=\"\" width=\"724\" height=\"1024\" srcset=\"https:\/\/carrefourdespatrimoines.fr\/wp-content\/uploads\/2026\/02\/Affiche-demonstration-et-stages-724x1024.png 724w, https:\/\/carrefourdespatrimoines.fr\/wp-content\/uploads\/2026\/02\/Affiche-demonstration-et-stages-212x300.png 212w, https:\/\/carrefourdespatrimoines.fr\/wp-content\/uploads\/2026\/02\/Affiche-demonstration-et-stages-768x1086.png 768w, https:\/\/carrefourdespatrimoines.fr\/wp-content\/uploads\/2026\/02\/Affiche-demonstration-et-stages-1086x1536.png 1086w, https:\/\/carrefourdespatrimoines.fr\/wp-content\/uploads\/2026\/02\/Affiche-demonstration-et-stages-1448x2048.png 1448w, https:\/\/carrefourdespatrimoines.fr\/wp-content\/uploads\/2026\/02\/Affiche-demonstration-et-stages-370x523.png 370w, https:\/\/carrefourdespatrimoines.fr\/wp-content\/uploads\/2026\/02\/Affiche-demonstration-et-stages-760x1075.png 760w, https:\/\/carrefourdespatrimoines.fr\/wp-content\/uploads\/2026\/02\/Affiche-demonstration-et-stages.png 1587w\" sizes=\"auto, (max-width: 767px) 100vw, 724px\" \/><\/p>\n<p style=\"text-align: center;\"><small>Aquarelles utilis\u00e9es pour l\u2019affiche, de haut en bas : \u00a9 \u201c<em>Campagne Pyr\u00e9n\u00e9enne\u201d<\/em> de l\u2019aquarelliste Murielle SEYS ; <\/small><small>\u00a9 \u201cRencontre au march\u00e9 de Garris<em>\u201d<\/em> de l\u2019aquarelliste Eth de Melaou ; <\/small><small>\u00a9 \u201c<em>En passant \u00e0 Bagn\u00e8res\u201d<\/em>\u00a0de l\u2019aquarelliste Eth de Melaou<i>.<\/i><\/small><\/p>\n<p style=\"text-align: center;\"><small>Affiche r\u00e9alis\u00e9e sans recours \u00e0 l\u2019intelligence artificielle.<\/small><\/p>","excerpt":"","slug":"demonstrations-et-stages-daquarelles-2026","image":{"url":"https:\/\/carrefourdespatrimoines.fr\/wp-content\/uploads\/2025\/03\/Aqua.jpg","id":6472,"extension":"jpg","width":1000,"height":1000,"filesize":143199,"sizes":{"medium":{"width":300,"height":300,"mime-type":"image\/jpeg","filesize":15415,"url":"https:\/\/carrefourdespatrimoines.fr\/wp-content\/uploads\/2025\/03\/Aqua-300x300.jpg"},"thumbnail":{"width":150,"height":150,"mime-type":"image\/jpeg","filesize":4908,"url":"https:\/\/carrefourdespatrimoines.fr\/wp-content\/uploads\/2025\/03\/Aqua-150x150.jpg"},"medium_large":{"width":768,"height":768,"mime-type":"image\/jpeg","filesize":75723,"url":"https:\/\/carrefourdespatrimoines.fr\/wp-content\/uploads\/2025\/03\/Aqua-768x768.jpg"},"post-thumbnail":{"width":370,"height":370,"mime-type":"image\/jpeg","filesize":22055,"url":"https:\/\/carrefourdespatrimoines.fr\/wp-content\/uploads\/2025\/03\/Aqua-370x370.jpg"},"confix-thumb-huge":{"width":1000,"height":658,"mime-type":"image\/jpeg","filesize":80253,"url":"https:\/\/carrefourdespatrimoines.fr\/wp-content\/uploads\/2025\/03\/Aqua-1000x658.jpg"},"confix-thumb-big":{"width":780,"height":480,"mime-type":"image\/jpeg","filesize":45256,"url":"https:\/\/carrefourdespatrimoines.fr\/wp-content\/uploads\/2025\/03\/Aqua-780x480.jpg"},"confix-thumb-med":{"width":370,"height":208,"mime-type":"image\/jpeg","filesize":12003,"url":"https:\/\/carrefourdespatrimoines.fr\/wp-content\/uploads\/2025\/03\/Aqua-370x208.jpg"},"confix-thumb-extra":{"width":380,"height":420,"mime-type":"image\/jpeg","filesize":24790,"url":"https:\/\/carrefourdespatrimoines.fr\/wp-content\/uploads\/2025\/03\/Aqua-380x420.jpg"},"confix-thumb-team":{"width":520,"height":390,"mime-type":"image\/jpeg","filesize":29040,"url":"https:\/\/carrefourdespatrimoines.fr\/wp-content\/uploads\/2025\/03\/Aqua-520x390.jpg"},"confix-thumb-list":{"width":285,"height":145,"mime-type":"image\/jpeg","filesize":7410,"url":"https:\/\/carrefourdespatrimoines.fr\/wp-content\/uploads\/2025\/03\/Aqua-285x145.jpg"},"confix-thumb-tiny":{"width":90,"height":90,"mime-type":"image\/jpeg","filesize":2265,"url":"https:\/\/carrefourdespatrimoines.fr\/wp-content\/uploads\/2025\/03\/Aqua-90x90.jpg"},"confix-thumb-masonry-big":{"width":760,"height":760,"mime-type":"image\/jpeg","filesize":74898,"url":"https:\/\/carrefourdespatrimoines.fr\/wp-content\/uploads\/2025\/03\/Aqua-760x760.jpg"},"confix-thumb-masonry":{"width":370,"height":370,"mime-type":"image\/jpeg","filesize":22055,"url":"https:\/\/carrefourdespatrimoines.fr\/wp-content\/uploads\/2025\/03\/Aqua-370x370.jpg"},"woocommerce_thumbnail":{"width":300,"height":300,"mime-type":"image\/jpeg","filesize":15415,"uncropped":true,"url":"https:\/\/carrefourdespatrimoines.fr\/wp-content\/uploads\/2025\/03\/Aqua-300x300.jpg"},"woocommerce_single":{"width":600,"height":600,"mime-type":"image\/jpeg","filesize":50098,"url":"https:\/\/carrefourdespatrimoines.fr\/wp-content\/uploads\/2025\/03\/Aqua-600x600.jpg"},"woocommerce_gallery_thumbnail":{"width":100,"height":100,"mime-type":"image\/jpeg","filesize":2640,"url":"https:\/\/carrefourdespatrimoines.fr\/wp-content\/uploads\/2025\/03\/Aqua-100x100.jpg"},"shop_catalog":{"width":300,"height":300,"mime-type":"image\/jpeg","filesize":15415,"url":"https:\/\/carrefourdespatrimoines.fr\/wp-content\/uploads\/2025\/03\/Aqua-300x300.jpg"},"shop_single":{"width":600,"height":600,"mime-type":"image\/jpeg","filesize":50098,"url":"https:\/\/carrefourdespatrimoines.fr\/wp-content\/uploads\/2025\/03\/Aqua-600x600.jpg"},"shop_thumbnail":{"width":100,"height":100,"mime-type":"image\/jpeg","filesize":2640,"url":"https:\/\/carrefourdespatrimoines.fr\/wp-content\/uploads\/2025\/03\/Aqua-100x100.jpg"},"trx_addons-thumb-small":{"width":270,"height":152,"mime-type":"image\/jpeg","filesize":7266,"url":"https:\/\/carrefourdespatrimoines.fr\/wp-content\/uploads\/2025\/03\/Aqua-270x152.jpg"},"trx_addons-thumb-portrait":{"width":370,"height":493,"mime-type":"image\/jpeg","filesize":27732,"url":"https:\/\/carrefourdespatrimoines.fr\/wp-content\/uploads\/2025\/03\/Aqua-370x493.jpg"},"trx_addons-thumb-avatar":{"width":370,"height":370,"mime-type":"image\/jpeg","filesize":22055,"url":"https:\/\/carrefourdespatrimoines.fr\/wp-content\/uploads\/2025\/03\/Aqua-370x370.jpg"}}},"all_day":true,"start_date":"2026-07-10 00:00:00","start_date_details":{"year":"2026","month":"07","day":"10","hour":"00","minutes":"00","seconds":"00"},"end_date":"2026-07-25 23:59:59","end_date_details":{"year":"2026","month":"07","day":"25","hour":"23","minutes":"59","seconds":"59"},"utc_start_date":"2026-07-09 22:00:00","utc_start_date_details":{"year":"2026","month":"07","day":"09","hour":"22","minutes":"00","seconds":"00"},"utc_end_date":"2026-07-25 21:59:59","utc_end_date_details":{"year":"2026","month":"07","day":"25","hour":"21","minutes":"59","seconds":"59"},"timezone":"Europe\/Paris","timezone_abbr":"CEST","cost":"","cost_details":{"currency_symbol":"","currency_code":"","currency_position":"suffix","values":[]},"website":"","show_map":true,"show_map_link":true,"hide_from_listings":false,"sticky":false,"featured":false,"categories":[{"name":"2026","slug":"2026","term_group":0,"term_taxonomy_id":133,"taxonomy":"tribe_events_cat","description":"","parent":0,"count":7,"filter":"raw","id":133,"urls":{"self":"https:\/\/carrefourdespatrimoines.fr\/index.php?rest_route=\/tribe\/events\/v1\/categories\/133","collection":"https:\/\/carrefourdespatrimoines.fr\/index.php?rest_route=\/tribe\/events\/v1\/categories"}},{"name":"a-venir","slug":"a-venir","term_group":0,"term_taxonomy_id":35,"taxonomy":"tribe_events_cat","description":"","parent":0,"count":26,"filter":"raw","id":35,"urls":{"self":"https:\/\/carrefourdespatrimoines.fr\/index.php?rest_route=\/tribe\/events\/v1\/categories\/35","collection":"https:\/\/carrefourdespatrimoines.fr\/index.php?rest_route=\/tribe\/events\/v1\/categories"}},{"name":"actualit\u00e9s","slug":"actualites","term_group":0,"term_taxonomy_id":120,"taxonomy":"tribe_events_cat","description":"","parent":0,"count":36,"filter":"raw","id":120,"urls":{"self":"https:\/\/carrefourdespatrimoines.fr\/index.php?rest_route=\/tribe\/events\/v1\/categories\/120","collection":"https:\/\/carrefourdespatrimoines.fr\/index.php?rest_route=\/tribe\/events\/v1\/categories"}},{"name":"aquarelle","slug":"aquarelle","term_group":0,"term_taxonomy_id":128,"taxonomy":"tribe_events_cat","description":"","parent":0,"count":10,"filter":"raw","id":128,"urls":{"self":"https:\/\/carrefourdespatrimoines.fr\/index.php?rest_route=\/tribe\/events\/v1\/categories\/128","collection":"https:\/\/carrefourdespatrimoines.fr\/index.php?rest_route=\/tribe\/events\/v1\/categories"}}],"tags":[],"venue":[],"organizer":[]}],"rest_url":"https:\/\/carrefourdespatrimoines.fr\/index.php?rest_route=%2Ftribe%2Fevents%2Fv1%2Fevents%2F&page=1&per_page=9&start_date=2026-05-01 00:00:00&end_date=2028-05-01 23:59:59&status=publish","total":2,"total_pages":1}